{"id":25388,"date":"2026-01-21T14:28:01","date_gmt":"2026-01-21T14:28:01","guid":{"rendered":"https:\/\/radiotemuco.com\/home\/?p=25388"},"modified":"2026-01-21T14:28:01","modified_gmt":"2026-01-21T14:28:01","slug":"ust-temuco-lidera-encuentro-nacional-clave-para-el-desarrollo-de-la-neuromodulacion-no-invasiva-en-chile","status":"publish","type":"post","link":"https:\/\/radiotemuco.com\/home\/ust-temuco-lidera-encuentro-nacional-clave-para-el-desarrollo-de-la-neuromodulacion-no-invasiva-en-chile\/","title":{"rendered":"UST Temuco lidera encuentro nacional clave para el desarrollo de la neuromodulaci\u00f3n no invasiva en Chile"},"content":{"rendered":"<p>La Universidad Santo Tom\u00e1s, sede Temuco, fue sede del Segundo Encuentro Nacional de Neuromodulaci\u00f3n No Invasiva (NIBS), jornada organizada por la Universidad Santo Tom\u00e1s Temuco en conjunto con el Complejo Asistencial de Padre Las Casas, instancia acad\u00e9mica de alcance nacional que reuni\u00f3 a destacados especialistas, investigadores y profesionales de la salud con el objetivo de reflexionar, compartir experiencias y proyectar el desarrollo de esta \u00e1rea en Chile.<\/p>\n<p>La actividad se realiz\u00f3 en el auditorio de la casa de estudios y cont\u00f3 con participaci\u00f3n presencial y transmisi\u00f3n v\u00eda streaming, lo que permiti\u00f3 una amplia convocatoria y fortaleci\u00f3 el intercambio acad\u00e9mico entre distintas instituciones del pa\u00eds. La jornada se inici\u00f3 con palabras de bienvenida de la rectora de Santo Tom\u00e1s Temuco, Rosemarie Junge Raby, junto a la directora subrogante del Complejo Asistencial Padre Las Casas, Mylene Rogazy Berg, quienes relevaron la importancia de generar espacios de encuentro acad\u00e9mico que articulen la investigaci\u00f3n, la formaci\u00f3n profesional y la pr\u00e1ctica cl\u00ednica.<\/p>\n<p>El programa contempl\u00f3 exposiciones plenarias como \u201cNeuromodulaci\u00f3n en Chile\u201d y \u201cRed de trabajo en neuromodulaci\u00f3n\u201d, adem\u00e1s de presentaciones enfocadas en la aplicaci\u00f3n cl\u00ednica de estas t\u00e9cnicas, experiencias en rehabilitaci\u00f3n motora y trabajos libres desarrollados en salas paralelas. Entre los expositores se cont\u00f3 con reconocidos referentes nacionales e internacionales, destacando la participaci\u00f3n de la fisioterapeuta brasile\u00f1a Francielly Santos.<\/p>\n<p>En este contexto, Ignacio Pezoa, docente de la carrera de Terapia Ocupacional de la Universidad Santo Tom\u00e1s, sede Temuco, valor\u00f3 la diversidad de miradas presentes en el encuentro, se\u00f1alando que \u201cesta instancia reuni\u00f3 a acad\u00e9micos, profesionales cl\u00ednicos e investigadores que trabajan en el \u00e1mbito de la neuromodulaci\u00f3n cerebral aplicada a diversas condiciones de salud. La participaci\u00f3n de referentes nacionales e internacionales permiti\u00f3 fortalecer y ampliar la red de trabajo que se est\u00e1 consolidando en torno a la neuromodulaci\u00f3n, favoreciendo el intercambio de conocimientos y experiencias\u201d.<\/p>\n<p>Asimismo, se desarroll\u00f3 el panel \u201cEl futuro de NIBS: hacia una estimulaci\u00f3n cerebral personalizada\u201d, espacio que permiti\u00f3 analizar los desaf\u00edos actuales y las proyecciones del \u00e1rea, poniendo \u00e9nfasis en la necesidad de avanzar en investigaci\u00f3n interdisciplinaria, trabajo en red y transferencia de conocimiento hacia contextos cl\u00ednicos reales<\/p>\n<p>En su exposici\u00f3n \u201cTMS aplicado a la rehabilitaci\u00f3n motora\u201d, la fisioterapeuta brasile\u00f1a Francielly Santos destac\u00f3 el avance que ha tenido la neuromodulaci\u00f3n enfocada en el beneficio directo de los pacientes, se\u00f1alando que \u201cestamos creciendo en una neuromodulaci\u00f3n pensada desde la evidencia, la precisi\u00f3n y los beneficios concretos para quienes requieren este tipo de intervenci\u00f3n\u201d. Asimismo, enfatiz\u00f3 la relevancia de adaptar estas t\u00e9cnicas a las necesidades individuales, indicando que \u201cla neuromodulaci\u00f3n debe ser cada vez m\u00e1s personalizada, considerando las caracter\u00edsticas cl\u00ednicas y funcionales de los pacientes, para lograr mejores resultados en los procesos de rehabilitaci\u00f3n\u201d, subrayando adem\u00e1s la importancia del trabajo interdisciplinario y del intercambio de conocimiento entre pa\u00edses.<\/p>\n<p>Desde la mirada cl\u00ednica, Erika Becerra, m\u00e9dica fisiatra del Complejo Asistencial de Padre Las Casas, destac\u00f3 el valor del encuentro como un espacio de articulaci\u00f3n profesional, indicando que \u201ceste encuentro permite conocernos, formar redes y saber qu\u00e9 se est\u00e1 desarrollando en distintas partes del pa\u00eds en las \u00e1reas de investigaci\u00f3n y rehabilitaci\u00f3n, lo que resulta clave para fortalecer el trabajo colaborativo y la pr\u00e1ctica cl\u00ednica\u201d.<\/p>\n<p>El encuentro finaliz\u00f3 con una s\u00edntesis general y palabras de cierre por parte de los organizadores, consolidando a UST Temuco como un actor relevante en la promoci\u00f3n de iniciativas acad\u00e9micas que aportan al desarrollo cient\u00edfico y al fortalecimiento del v\u00ednculo entre la academia y el sector salud.<\/p>\n<p>Compromiso institucional<\/p>\n<p>Este tipo de instancias se enmarca en el prop\u00f3sito institucional de la Universidad Santo Tom\u00e1s, orientado a contribuir a la formaci\u00f3n integral de las personas, al desarrollo del conocimiento y al bienestar de la sociedad, promoviendo una educaci\u00f3n de calidad, con sentido \u00e9tico, vocaci\u00f3n p\u00fablica y un fuerte compromiso con las necesidades del entorno regional y nacional.<\/p>\n","protected":false},"excerpt":{"rendered":"<p>La Universidad Santo Tom\u00e1s, sede Temuco, fue sede del Segundo Encuentro Nacional de Neuromodulaci\u00f3n No Invasiva (NIBS), jornada organizada por la Universidad Santo Tom\u00e1s Temuco en conjunto con el Complejo Asistencial de Padre Las Casas, instancia acad\u00e9mica de alcance nacional que reuni\u00f3 a destacados especialistas, investigadores y profesionales de la salud con el objetivo de reflexionar, compartir experiencias y proyectar el desarrollo de esta \u00e1rea en Chile. La actividad se realiz\u00f3 en el auditorio de la casa de estudios y cont\u00f3 con participaci\u00f3n presencial y transmisi\u00f3n v\u00eda streaming, lo que permiti\u00f3 una amplia convocatoria y fortaleci\u00f3 el intercambio acad\u00e9mico entre distintas [&hellip;]<\/p>\n","protected":false},"author":2,"featured_media":25389,"comment_status":"closed","ping_status":"open","sticky":false,"template":"","format":"standard","meta":{"_crdt_document":"","_monsterinsights_skip_tracking":false,"_monsterinsights_sitenote_active":false,"_monsterinsights_sitenote_note":"","_monsterinsights_sitenote_category":0,"_jetpack_memberships_contains_paid_content":false,"footnotes":""},"categories":[8,7,2],"tags":[],"class_list":["post-25388","post","type-post","status-publish","format-standard","has-post-thumbnail","hentry","category-internacional","category-nacional","category-regionales"],"jetpack_featured_media_url":"https:\/\/radiotemuco.com\/home\/wp-content\/uploads\/2026\/01\/IMG_0070-scaled.jpg","jetpack_sharing_enabled":true,"_links":{"self":[{"href":"https:\/\/radiotemuco.com\/home\/wp-json\/wp\/v2\/posts\/25388","targetHints":{"allow":["GET"]}}],"collection":[{"href":"https:\/\/radiotemuco.com\/home\/wp-json\/wp\/v2\/posts"}],"about":[{"href":"https:\/\/radiotemuco.com\/home\/wp-json\/wp\/v2\/types\/post"}],"author":[{"embeddable":true,"href":"https:\/\/radiotemuco.com\/home\/wp-json\/wp\/v2\/users\/2"}],"replies":[{"embeddable":true,"href":"https:\/\/radiotemuco.com\/home\/wp-json\/wp\/v2\/comments?post=25388"}],"version-history":[{"count":1,"href":"https:\/\/radiotemuco.com\/home\/wp-json\/wp\/v2\/posts\/25388\/revisions"}],"predecessor-version":[{"id":25390,"href":"https:\/\/radiotemuco.com\/home\/wp-json\/wp\/v2\/posts\/25388\/revisions\/25390"}],"wp:featuredmedia":[{"embeddable":true,"href":"https:\/\/radiotemuco.com\/home\/wp-json\/wp\/v2\/media\/25389"}],"wp:attachment":[{"href":"https:\/\/radiotemuco.com\/home\/wp-json\/wp\/v2\/media?parent=25388"}],"wp:term":[{"taxonomy":"category","embeddable":true,"href":"https:\/\/radiotemuco.com\/home\/wp-json\/wp\/v2\/categories?post=25388"},{"taxonomy":"post_tag","embeddable":true,"href":"https:\/\/radiotemuco.com\/home\/wp-json\/wp\/v2\/tags?post=25388"}],"curies":[{"name":"wp","href":"https:\/\/api.w.org\/{rel}","templated":true}]}}