{"id":25375,"date":"2026-01-20T10:38:48","date_gmt":"2026-01-20T10:38:48","guid":{"rendered":"https:\/\/radiotemuco.com\/home\/?p=25375"},"modified":"2026-01-20T10:38:48","modified_gmt":"2026-01-20T10:38:48","slug":"cchc-araucania-impulsa-profesionalizacion-de-oficios-en-el-sector","status":"publish","type":"post","link":"https:\/\/radiotemuco.com\/home\/cchc-araucania-impulsa-profesionalizacion-de-oficios-en-el-sector\/","title":{"rendered":"CChC Araucan\u00eda impulsa profesionalizaci\u00f3n de oficios en el sector"},"content":{"rendered":"<p>Como parte del trabajo permanente que desarrolla la <strong>Comisi\u00f3n de Capital Humano de la C\u00e1mara Chilena de la Construcci\u00f3n Araucan\u00eda<\/strong>, y en alianza con <strong>INACAP sede Temuco<\/strong>, se dio inicio al <strong>Curso de Instalador Profesional de Revestimientos de Superficies<\/strong>, una iniciativa orientada a fortalecer las competencias t\u00e9cnicas de trabajadoras y trabajadores del sector, facilitando su acceso a capacitaci\u00f3n formal, certificada y alineada con las necesidades reales de la industria.<\/p>\n<p><strong>Sergio Avenda\u00f1o<\/strong>, presidente de la Comisi\u00f3n de Capital Humano CChC Araucan\u00eda, destac\u00f3 el valor de esta iniciativa, se\u00f1alando que \u201cinvertir en capacitaci\u00f3n no solo mejora la productividad, sino que tambi\u00e9n fortalece los equipos, <strong>dignifica los oficios y contribuye al desarrollo de trayectorias laborales m\u00e1s s\u00f3lidas<\/strong> dentro del rubro\u201d.<\/p>\n<p><strong>\u201cNos entrega una herramienta m\u00e1s\u201d<\/strong>, enfatiz\u00f3 <strong>Evelyn Quilodr\u00e1n<\/strong>, encargada de postventa de Constructora Providencia y alumna del curso. \u201cMe parece muy bien, porque nos permite <strong>fortalecer el desempe\u00f1o <\/strong>en el cargo que tenemos hoy. Una vez finalizado, espero aplicar este conocimiento y transmitir lo aprendido al personal que tenemos a cargo en Temuco\u201d.<\/p>\n<p>El director de Educaci\u00f3n Continua de <strong>INACAP sede Temuco<\/strong>, <strong>Jos\u00e9 Rub\u00e9n Hermisilla<\/strong>, subray\u00f3 la importancia del trabajo colaborativo con el gremio, afirmando que \u201cla alianza entre INACAP y la C\u00e1mara Chilena de la Construcci\u00f3n Araucan\u00eda <strong>ha sido clave para profesionalizar los oficios, certificar competencias y elevar los est\u00e1ndares del sector<\/strong>\u201d.<\/p>\n<p>\u201cAdem\u00e1s de impulsar la profesionalizaci\u00f3n de los oficios, <strong>se reconoce y certifica las habilidades de trabajadores con experiencia<\/strong>, eleva los est\u00e1ndares de calidad y seguridad del sector y responde de manera concreta a las necesidades actuales de la construcci\u00f3n, fortaleciendo la empleabilidad\u201d, agreg\u00f3 Hermosilla.<\/p>\n<p>En esa misma l\u00ednea, el <strong>Consejo Productivo Regional INACAP Araucan\u00eda<\/strong> se ha sumado al trabajo del <strong>Centro de Competencias de la Construcci\u00f3n<\/strong>, impulsando acciones conjuntas con el gremio orientadas a la profesionalizaci\u00f3n de los oficios y al fortalecimiento del capital humano del sector.<\/p>\n","protected":false},"excerpt":{"rendered":"<p>Como parte del trabajo permanente que desarrolla la Comisi\u00f3n de Capital Humano de la C\u00e1mara Chilena de la Construcci\u00f3n Araucan\u00eda, y en alianza con INACAP sede Temuco, se dio inicio al Curso de Instalador Profesional de Revestimientos de Superficies, una iniciativa orientada a fortalecer las competencias t\u00e9cnicas de trabajadoras y trabajadores del sector, facilitando su acceso a capacitaci\u00f3n formal, certificada y alineada con las necesidades reales de la industria. Sergio Avenda\u00f1o, presidente de la Comisi\u00f3n de Capital Humano CChC Araucan\u00eda, destac\u00f3 el valor de esta iniciativa, se\u00f1alando que \u201cinvertir en capacitaci\u00f3n no solo mejora la productividad, sino que tambi\u00e9n fortalece los [&hellip;]<\/p>\n","protected":false},"author":2,"featured_media":25376,"comment_status":"closed","ping_status":"open","sticky":false,"template":"","format":"standard","meta":{"_crdt_document":"","_monsterinsights_skip_tracking":false,"_monsterinsights_sitenote_active":false,"_monsterinsights_sitenote_note":"","_monsterinsights_sitenote_category":0,"_jetpack_memberships_contains_paid_content":false,"footnotes":""},"categories":[8,7,2],"tags":[],"class_list":["post-25375","post","type-post","status-publish","format-standard","has-post-thumbnail","hentry","category-internacional","category-nacional","category-regionales"],"jetpack_featured_media_url":"https:\/\/radiotemuco.com\/home\/wp-content\/uploads\/2026\/01\/WhatsApp-Image-2026-01-19-at-15.16.17-scaled.jpeg","jetpack_sharing_enabled":true,"_links":{"self":[{"href":"https:\/\/radiotemuco.com\/home\/wp-json\/wp\/v2\/posts\/25375","targetHints":{"allow":["GET"]}}],"collection":[{"href":"https:\/\/radiotemuco.com\/home\/wp-json\/wp\/v2\/posts"}],"about":[{"href":"https:\/\/radiotemuco.com\/home\/wp-json\/wp\/v2\/types\/post"}],"author":[{"embeddable":true,"href":"https:\/\/radiotemuco.com\/home\/wp-json\/wp\/v2\/users\/2"}],"replies":[{"embeddable":true,"href":"https:\/\/radiotemuco.com\/home\/wp-json\/wp\/v2\/comments?post=25375"}],"version-history":[{"count":1,"href":"https:\/\/radiotemuco.com\/home\/wp-json\/wp\/v2\/posts\/25375\/revisions"}],"predecessor-version":[{"id":25377,"href":"https:\/\/radiotemuco.com\/home\/wp-json\/wp\/v2\/posts\/25375\/revisions\/25377"}],"wp:featuredmedia":[{"embeddable":true,"href":"https:\/\/radiotemuco.com\/home\/wp-json\/wp\/v2\/media\/25376"}],"wp:attachment":[{"href":"https:\/\/radiotemuco.com\/home\/wp-json\/wp\/v2\/media?parent=25375"}],"wp:term":[{"taxonomy":"category","embeddable":true,"href":"https:\/\/radiotemuco.com\/home\/wp-json\/wp\/v2\/categories?post=25375"},{"taxonomy":"post_tag","embeddable":true,"href":"https:\/\/radiotemuco.com\/home\/wp-json\/wp\/v2\/tags?post=25375"}],"curies":[{"name":"wp","href":"https:\/\/api.w.org\/{rel}","templated":true}]}}