{"id":25372,"date":"2026-01-20T10:35:39","date_gmt":"2026-01-20T10:35:39","guid":{"rendered":"https:\/\/radiotemuco.com\/home\/?p=25372"},"modified":"2026-01-20T10:35:39","modified_gmt":"2026-01-20T10:35:39","slug":"conadi-restituye-tierras-a-comunidad-pedro-linconao-ii-dando-cumplimiento-a-acuerdo-internacional","status":"publish","type":"post","link":"https:\/\/radiotemuco.com\/home\/conadi-restituye-tierras-a-comunidad-pedro-linconao-ii-dando-cumplimiento-a-acuerdo-internacional\/","title":{"rendered":"CONADI restituye tierras a comunidad Pedro Linconao II dando cumplimiento a acuerdo internacional"},"content":{"rendered":"<p style=\"font-weight: 400;\">La Corporaci\u00f3n Nacional de Desarrollo Ind\u00edgena (CONADI) realiz\u00f3 la entrega de 166,3 hect\u00e1reas a la Comunidad Ind\u00edgena Pedro Linconao II, encabezada por la machi Francisca Linconao, como parte del cumplimiento de un acuerdo de reparaci\u00f3n territorial suscrito entre el Estado de Chile, la comunidad y la Corte Interamericana de Derechos Humanos (CIDH).<\/p>\n<p style=\"font-weight: 400;\">La compra permiti\u00f3 la adquisici\u00f3n de predios para la comunidad, constituida legalmente en 2009 y conformada por 42 socios que representan a 38 familias. Los predios adquiridos, ubicados en la comuna de Curacaut\u00edn, suman una superficie total de 166,3 hect\u00e1reas, con una inversi\u00f3n de $1.790 millones, aprobada mediante Resoluci\u00f3n N\u00b0020 del 8 de octubre de 2025 de CONADI.<\/p>\n<p style=\"font-weight: 400;\">La ministra de Desarrollo Social y Familia, Javiera Toro C\u00e1ceres, destac\u00f3 que \u201ccon esta restituci\u00f3n de tierras, el Estado est\u00e1 cumpliendo un compromiso adquirido como acto de reparaci\u00f3n con la machi Linconao. Nos estamos haciendo cargo de una deuda hist\u00f3rica, y esto reafirma nuestro compromiso con la reparaci\u00f3n, el di\u00e1logo y una convivencia basada en el respeto y la justicia\u201d.<\/p>\n<p style=\"font-weight: 400;\">El director nacional de CONADI, \u00c1lvaro Morales Marileo, puntualiz\u00f3 que \u201ceste proceso materializa la reparaci\u00f3n hist\u00f3rica y el cumplimiento de un acuerdo internacional, generando desarrollo y mejor calidad de vida para la comunidad de la machi Francisca Linconao\u201d.<\/p>\n<p style=\"font-weight: 400;\">Para la machi Francisca Linconao Huircap\u00e1n, \u201cesta tierra fue de los mapuche y hoy la estamos recuperando. Falta mucho por avanzar, pero este es un paso importante en la lucha por la devoluci\u00f3n de nuestras tierras\u201d.<\/p>\n<p style=\"font-weight: 400;\">Gonzalo Pe\u00f1a, subdirector nacional Sur de CONADI, agreg\u00f3 que: \u201cEste proceso avanza tambi\u00e9n en la restituci\u00f3n territorial y en la protecci\u00f3n de la tierra a partir de lo que es la Ley Ind\u00edgena. Es un tremendo paso tambi\u00e9n para proteger a nuestros \u201cgen\u201d, nuestros seres ancestrales espirituales\u201d.<\/p>\n<p style=\"font-weight: 400;\">Cabe se\u00f1alar que esta compra se realiz\u00f3 bajo la modalidad de adquisici\u00f3n comunitaria, permitiendo avanzar en la restituci\u00f3n territorial y cerrar parcialmente la demanda hist\u00f3rica de tierras, mientras que se espera que la demanda total de tierras podr\u00eda cerrarse a fines de 2026.<\/p>\n","protected":false},"excerpt":{"rendered":"<p>La Corporaci\u00f3n Nacional de Desarrollo Ind\u00edgena (CONADI) realiz\u00f3 la entrega de 166,3 hect\u00e1reas a la Comunidad Ind\u00edgena Pedro Linconao II, encabezada por la machi Francisca Linconao, como parte del cumplimiento de un acuerdo de reparaci\u00f3n territorial suscrito entre el Estado de Chile, la comunidad y la Corte Interamericana de Derechos Humanos (CIDH). La compra permiti\u00f3 la adquisici\u00f3n de predios para la comunidad, constituida legalmente en 2009 y conformada por 42 socios que representan a 38 familias. Los predios adquiridos, ubicados en la comuna de Curacaut\u00edn, suman una superficie total de 166,3 hect\u00e1reas, con una inversi\u00f3n de $1.790 millones, aprobada mediante Resoluci\u00f3n [&hellip;]<\/p>\n","protected":false},"author":2,"featured_media":25373,"comment_status":"closed","ping_status":"open","sticky":false,"template":"","format":"standard","meta":{"_crdt_document":"","_monsterinsights_skip_tracking":false,"_monsterinsights_sitenote_active":false,"_monsterinsights_sitenote_note":"","_monsterinsights_sitenote_category":0,"_jetpack_memberships_contains_paid_content":false,"footnotes":""},"categories":[8,7,2],"tags":[],"class_list":["post-25372","post","type-post","status-publish","format-standard","has-post-thumbnail","hentry","category-internacional","category-nacional","category-regionales"],"jetpack_featured_media_url":"https:\/\/radiotemuco.com\/home\/wp-content\/uploads\/2026\/01\/IMG_5389-scaled.jpg","jetpack_sharing_enabled":true,"_links":{"self":[{"href":"https:\/\/radiotemuco.com\/home\/wp-json\/wp\/v2\/posts\/25372","targetHints":{"allow":["GET"]}}],"collection":[{"href":"https:\/\/radiotemuco.com\/home\/wp-json\/wp\/v2\/posts"}],"about":[{"href":"https:\/\/radiotemuco.com\/home\/wp-json\/wp\/v2\/types\/post"}],"author":[{"embeddable":true,"href":"https:\/\/radiotemuco.com\/home\/wp-json\/wp\/v2\/users\/2"}],"replies":[{"embeddable":true,"href":"https:\/\/radiotemuco.com\/home\/wp-json\/wp\/v2\/comments?post=25372"}],"version-history":[{"count":1,"href":"https:\/\/radiotemuco.com\/home\/wp-json\/wp\/v2\/posts\/25372\/revisions"}],"predecessor-version":[{"id":25374,"href":"https:\/\/radiotemuco.com\/home\/wp-json\/wp\/v2\/posts\/25372\/revisions\/25374"}],"wp:featuredmedia":[{"embeddable":true,"href":"https:\/\/radiotemuco.com\/home\/wp-json\/wp\/v2\/media\/25373"}],"wp:attachment":[{"href":"https:\/\/radiotemuco.com\/home\/wp-json\/wp\/v2\/media?parent=25372"}],"wp:term":[{"taxonomy":"category","embeddable":true,"href":"https:\/\/radiotemuco.com\/home\/wp-json\/wp\/v2\/categories?post=25372"},{"taxonomy":"post_tag","embeddable":true,"href":"https:\/\/radiotemuco.com\/home\/wp-json\/wp\/v2\/tags?post=25372"}],"curies":[{"name":"wp","href":"https:\/\/api.w.org\/{rel}","templated":true}]}}