{"id":25084,"date":"2025-12-11T09:15:50","date_gmt":"2025-12-11T09:15:50","guid":{"rendered":"https:\/\/radiotemuco.com\/home\/?p=25084"},"modified":"2025-12-11T09:15:50","modified_gmt":"2025-12-11T09:15:50","slug":"electromovilidad-2025-la-araucania-acerco-el-futuro-del-transporte","status":"publish","type":"post","link":"https:\/\/radiotemuco.com\/home\/electromovilidad-2025-la-araucania-acerco-el-futuro-del-transporte\/","title":{"rendered":"Electromovilidad 2025: La Araucan\u00eda acerc\u00f3 el futuro del transporte"},"content":{"rendered":"<div>Nuestra regi\u00f3n vivi\u00f3 una jornada hist\u00f3rica con la realizaci\u00f3n de la Feria de Electromovilidad 2025, un evento que trajo vanguardia, en el INACAP Temuco, organizado por esa casa de estudios, la Seremi de Energ\u00eda y la Agencia de Sostenibilidad Energ\u00e9tica.<\/div>\n<div><\/div>\n<div>La atracci\u00f3n principal fue el imponente cami\u00f3n pesado 100 % el\u00e9ctrico RoseWind, que se rob\u00f3 todas las miradas y aplausos. Los asistentes pudieron subir, manejar y cargar en vivo este gigante de la electromovilidad. Junto a \u00e9l, destac\u00f3 el cami\u00f3n 3\/4 el\u00e9ctrico, ideal para reparto urbano y rutas regionales, consolid\u00e1ndose como una soluci\u00f3n pr\u00e1ctica para el transporte limpio.<\/div>\n<div><\/div>\n<div>Adem\u00e1s, los visitantes tuvieron la oportunidad de probar autos el\u00e9ctricos de \u00faltima generaci\u00f3n, cargar veh\u00edculos en estaciones r\u00e1pidas de 120 y 180 kW, conocer bicicletas y scooters el\u00e9ctricos, acceder a financiamiento verde del Banco Estado, informarse sobre subsidios para taxis colectivos y furgones escolares, y descubrir los proyectos del Programa Comuna Energ\u00e9tica en Carahue, Nueva Imperial, Saavedra y Temuco.<\/div>\n<div><\/div>\n<div>Los stands reunieron a empresas l\u00edderes como Trailer Logistics, Automotores Gildemeister, Portillo Sur, General Motors, Coseche, Salfa, Emasa, Centro Colaborativo, Banco Estado, Legrand Bticino, Electric Company Services, Red TP, Rhona, Insprotel, ABB y Makana, todas ofreciendo soluciones reales y cotizaciones inmediatas.<\/div>\n<div><\/div>\n<div>El Seremi de Energ\u00eda de La Araucan\u00eda, Camilo Villagr\u00e1n, cerr\u00f3 la feria con un mensaje contundente. \u201cHoy trajimos lo mejor de la electromovilidad, para que nadie diga que los el\u00e9ctricos no sirven para trabajar de verdad. La Araucan\u00eda ya tiene el ecosistema completo y est\u00e1 lista para liderar la movilidad limpia en el sur\u201d.<\/div>\n<div><\/div>\n<div>Para el Ministerio de Energ\u00eda, este evento fue un hito: la regi\u00f3n cuenta ahora con veh\u00edculos pesados el\u00e9ctricos, infraestructura de carga r\u00e1pida, talleres certificados y financiamiento, consolidando a Temuco como uno de los polos m\u00e1s avanzados del pa\u00eds fuera de Santiago.<\/div>\n<div>En La Araucan\u00eda, la electromovilidad dej\u00f3 de ser futuro: ya circula, carga y trabaja.<\/div>\n","protected":false},"excerpt":{"rendered":"<p>Nuestra regi\u00f3n vivi\u00f3 una jornada hist\u00f3rica con la realizaci\u00f3n de la Feria de Electromovilidad 2025, un evento que trajo vanguardia, en el INACAP Temuco, organizado por esa casa de estudios, la Seremi de Energ\u00eda y la Agencia de Sostenibilidad Energ\u00e9tica. La atracci\u00f3n principal fue el imponente cami\u00f3n pesado 100 % el\u00e9ctrico RoseWind, que se rob\u00f3 todas las miradas y aplausos. Los asistentes pudieron subir, manejar y cargar en vivo este gigante de la electromovilidad. Junto a \u00e9l, destac\u00f3 el cami\u00f3n 3\/4 el\u00e9ctrico, ideal para reparto urbano y rutas regionales, consolid\u00e1ndose como una soluci\u00f3n pr\u00e1ctica para el transporte limpio. Adem\u00e1s, los visitantes [&hellip;]<\/p>\n","protected":false},"author":2,"featured_media":25085,"comment_status":"closed","ping_status":"open","sticky":false,"template":"","format":"standard","meta":{"_crdt_document":"","_monsterinsights_skip_tracking":false,"_monsterinsights_sitenote_active":false,"_monsterinsights_sitenote_note":"","_monsterinsights_sitenote_category":0,"_jetpack_memberships_contains_paid_content":false,"footnotes":""},"categories":[8,7,2],"tags":[],"class_list":["post-25084","post","type-post","status-publish","format-standard","has-post-thumbnail","hentry","category-internacional","category-nacional","category-regionales"],"jetpack_featured_media_url":"https:\/\/radiotemuco.com\/home\/wp-content\/uploads\/2025\/12\/20251204_105526.jpg","jetpack_sharing_enabled":true,"_links":{"self":[{"href":"https:\/\/radiotemuco.com\/home\/wp-json\/wp\/v2\/posts\/25084","targetHints":{"allow":["GET"]}}],"collection":[{"href":"https:\/\/radiotemuco.com\/home\/wp-json\/wp\/v2\/posts"}],"about":[{"href":"https:\/\/radiotemuco.com\/home\/wp-json\/wp\/v2\/types\/post"}],"author":[{"embeddable":true,"href":"https:\/\/radiotemuco.com\/home\/wp-json\/wp\/v2\/users\/2"}],"replies":[{"embeddable":true,"href":"https:\/\/radiotemuco.com\/home\/wp-json\/wp\/v2\/comments?post=25084"}],"version-history":[{"count":1,"href":"https:\/\/radiotemuco.com\/home\/wp-json\/wp\/v2\/posts\/25084\/revisions"}],"predecessor-version":[{"id":25086,"href":"https:\/\/radiotemuco.com\/home\/wp-json\/wp\/v2\/posts\/25084\/revisions\/25086"}],"wp:featuredmedia":[{"embeddable":true,"href":"https:\/\/radiotemuco.com\/home\/wp-json\/wp\/v2\/media\/25085"}],"wp:attachment":[{"href":"https:\/\/radiotemuco.com\/home\/wp-json\/wp\/v2\/media?parent=25084"}],"wp:term":[{"taxonomy":"category","embeddable":true,"href":"https:\/\/radiotemuco.com\/home\/wp-json\/wp\/v2\/categories?post=25084"},{"taxonomy":"post_tag","embeddable":true,"href":"https:\/\/radiotemuco.com\/home\/wp-json\/wp\/v2\/tags?post=25084"}],"curies":[{"name":"wp","href":"https:\/\/api.w.org\/{rel}","templated":true}]}}