{"id":25061,"date":"2025-12-09T09:11:14","date_gmt":"2025-12-09T09:11:14","guid":{"rendered":"https:\/\/radiotemuco.com\/home\/?p=25061"},"modified":"2025-12-09T09:11:14","modified_gmt":"2025-12-09T09:11:14","slug":"operativo-nocturno-despeja-estructuras-abandonadas-y-refuerza-seguridad-peatonal-en-el-centro-de-temuco","status":"publish","type":"post","link":"https:\/\/radiotemuco.com\/home\/operativo-nocturno-despeja-estructuras-abandonadas-y-refuerza-seguridad-peatonal-en-el-centro-de-temuco\/","title":{"rendered":"Operativo nocturno despeja estructuras abandonadas y refuerza seguridad peatonal en el centro de Temuco"},"content":{"rendered":"<p>En el marco del plan \u201cFin de a\u00f1o protegido\u201d, recientemente presentado por la Seremi de Seguridad P\u00fablica de La Araucan\u00eda y que articula el trabajo conjunto entre la Municipalidad de Temuco, Carabineros y la PDI, la Direcci\u00f3n de Seguridad P\u00fablica (DISEP) ejecut\u00f3 un amplio operativo nocturno destinado a despejar y reordenar distintos puntos del centro de la ciudad.<\/p>\n<p>La intervenci\u00f3n tuvo por objetivo liberar metros cuadrados en bienes nacionales de uso p\u00fablico (BNUP) -como calles, veredas y accesos peatonales- ante el incremento de circulaci\u00f3n de personas que se registra durante el periodo de festividades y compras de fin de a\u00f1o. El retiro de estructuras abandonadas busca prevenir delitos frecuentes en zonas de alta afluencia, como hurtos, robos por sorpresa y robos con violencia, adem\u00e1s de garantizar un tr\u00e1nsito seguro y expedito para los vecinos\/as.<\/p>\n<p>Durante el operativo, los inspectores detectaron y retiraron diversas estructuras dejadas durante la noche en intersecciones y veredas del centro, muchas de ellas utilizadas para ejercer comercio ambulante. Su permanencia en espacio p\u00fablico constituye una vulneraci\u00f3n a la normativa vigente, ya que -de acuerdo con la ordenanza municipal- incluso quienes cuentan con un permiso precario deben instalar y retirar sus m\u00f3dulos dentro del mismo d\u00eda, sin dejar elementos amarrados, adosados o abandonados en la v\u00eda p\u00fablica.<\/p>\n<p>El reordenamiento ejecutado por la DISEP permite mantener despejadas y limpias las principales arterias de la ciudad, favoreciendo el desplazamiento seguro de peatones y fortaleciendo las condiciones para la prevenci\u00f3n del delito durante esta temporada.<\/p>\n<p>Desde la entidad de Prat 650 dejaron claro que este tipo de operativos continuar\u00e1n desarroll\u00e1ndose en horario diurno y nocturno durante todo diciembre, -en algunos casos- en coordinaci\u00f3n con Carabineros, PDI y otros organismos, para entregar una ciudad m\u00e1s ordenada, segura y transitable a los habitantes y visitantes de Temuco.<\/p>\n","protected":false},"excerpt":{"rendered":"<p>En el marco del plan \u201cFin de a\u00f1o protegido\u201d, recientemente presentado por la Seremi de Seguridad P\u00fablica de La Araucan\u00eda y que articula el trabajo conjunto entre la Municipalidad de Temuco, Carabineros y la PDI, la Direcci\u00f3n de Seguridad P\u00fablica (DISEP) ejecut\u00f3 un amplio operativo nocturno destinado a despejar y reordenar distintos puntos del centro de la ciudad. La intervenci\u00f3n tuvo por objetivo liberar metros cuadrados en bienes nacionales de uso p\u00fablico (BNUP) -como calles, veredas y accesos peatonales- ante el incremento de circulaci\u00f3n de personas que se registra durante el periodo de festividades y compras de fin de a\u00f1o. El [&hellip;]<\/p>\n","protected":false},"author":2,"featured_media":25062,"comment_status":"closed","ping_status":"open","sticky":false,"template":"","format":"standard","meta":{"_crdt_document":"","_monsterinsights_skip_tracking":false,"_monsterinsights_sitenote_active":false,"_monsterinsights_sitenote_note":"","_monsterinsights_sitenote_category":0,"_jetpack_memberships_contains_paid_content":false,"footnotes":""},"categories":[8,7,2],"tags":[],"class_list":["post-25061","post","type-post","status-publish","format-standard","has-post-thumbnail","hentry","category-internacional","category-nacional","category-regionales"],"jetpack_featured_media_url":"https:\/\/radiotemuco.com\/home\/wp-content\/uploads\/2025\/12\/WhatsApp-Image-2025-12-06-at-15.52.04.jpeg","jetpack_sharing_enabled":true,"_links":{"self":[{"href":"https:\/\/radiotemuco.com\/home\/wp-json\/wp\/v2\/posts\/25061","targetHints":{"allow":["GET"]}}],"collection":[{"href":"https:\/\/radiotemuco.com\/home\/wp-json\/wp\/v2\/posts"}],"about":[{"href":"https:\/\/radiotemuco.com\/home\/wp-json\/wp\/v2\/types\/post"}],"author":[{"embeddable":true,"href":"https:\/\/radiotemuco.com\/home\/wp-json\/wp\/v2\/users\/2"}],"replies":[{"embeddable":true,"href":"https:\/\/radiotemuco.com\/home\/wp-json\/wp\/v2\/comments?post=25061"}],"version-history":[{"count":1,"href":"https:\/\/radiotemuco.com\/home\/wp-json\/wp\/v2\/posts\/25061\/revisions"}],"predecessor-version":[{"id":25063,"href":"https:\/\/radiotemuco.com\/home\/wp-json\/wp\/v2\/posts\/25061\/revisions\/25063"}],"wp:featuredmedia":[{"embeddable":true,"href":"https:\/\/radiotemuco.com\/home\/wp-json\/wp\/v2\/media\/25062"}],"wp:attachment":[{"href":"https:\/\/radiotemuco.com\/home\/wp-json\/wp\/v2\/media?parent=25061"}],"wp:term":[{"taxonomy":"category","embeddable":true,"href":"https:\/\/radiotemuco.com\/home\/wp-json\/wp\/v2\/categories?post=25061"},{"taxonomy":"post_tag","embeddable":true,"href":"https:\/\/radiotemuco.com\/home\/wp-json\/wp\/v2\/tags?post=25061"}],"curies":[{"name":"wp","href":"https:\/\/api.w.org\/{rel}","templated":true}]}}