{"id":25027,"date":"2025-12-05T09:00:01","date_gmt":"2025-12-05T09:00:01","guid":{"rendered":"https:\/\/radiotemuco.com\/home\/?p=25027"},"modified":"2025-12-05T09:00:01","modified_gmt":"2025-12-05T09:00:01","slug":"araucania-sur-realizo-jornada-de-intercambio-de-experiencias-en-proyectos-de-cuidados-comunitarios","status":"publish","type":"post","link":"https:\/\/radiotemuco.com\/home\/araucania-sur-realizo-jornada-de-intercambio-de-experiencias-en-proyectos-de-cuidados-comunitarios\/","title":{"rendered":"Araucan\u00eda Sur realiz\u00f3 jornada de intercambio de experiencias en proyectos de Cuidados Comunitarios"},"content":{"rendered":"<p style=\"font-weight: 400;\">Con la participaci\u00f3n de organizaciones comunitarias, equipos de Atenci\u00f3n Primaria y representantes de diversas comunas del territorio, el Servicio de Salud Araucan\u00eda Sur desarroll\u00f3 una nueva jornada de intercambio de experiencias del Programa de Cuidados Comunitarios, instancia que busca fortalecer el modelo de salud integral con enfoque familiar y comunitario.<\/p>\n<p style=\"font-weight: 400;\">La actividad permiti\u00f3 presentar los avances, desaf\u00edos y resultados de las iniciativas ejecutadas durante el a\u00f1o por agrupaciones y establecimientos de la red asistencial. En esta versi\u00f3n, se financiaron cerca de 200 millones de pesos para apoyar proyectos orientados al bienestar, la prevenci\u00f3n y la participaci\u00f3n social, con \u00e9nfasis en postas rurales y establecimientos familiares y comunitarios.<\/p>\n<p style=\"font-weight: 400;\">Ver\u00f3nica Olate, m\u00e9dica referente del programa, destac\u00f3 que esta jornada constituye un espacio de aprendizaje conjunto. \u201cEs una jornada de intercambio de las iniciativas de cuidados comunitarios que se realizan todos los a\u00f1os, con el fin de generar un aprendizaje colectivo entre las dificultades, desaf\u00edos y buenos resultados que han tenido los distintos equipos junto a las organizaciones comunitarias\u201d, se\u00f1al\u00f3.<\/p>\n<p style=\"font-weight: 400;\">La profesional explic\u00f3 que este a\u00f1o hubo una alta participaci\u00f3n de equipos de postas rurales, con 20 proyectos adjudicados, adem\u00e1s de iniciativas presentadas por CESFAM, CECOSF y hospitales comunitarios. \u201cHay proyectos orientados a salud mental, estilos de vida, emergencias, desastres y prevenci\u00f3n de enfermedades cardiovasculares. En esta oportunidad tambi\u00e9n contamos con un proyecto mayor adjudicado por la comuna de Loncoche, sobre renaturalizaci\u00f3n del espacio urbano\u201d, agreg\u00f3.<\/p>\n<p style=\"font-weight: 400;\">Desde la comunidad, una de las experiencias presentadas fue la de la Agrupaci\u00f3n Horizontes Diversos para la Inclusi\u00f3n, de la comuna de Saavedra. Su representante, Claudia Castro, valor\u00f3 la oportunidad que ofrece el programa para responder a necesidades concretas de las familias. \u201cNuestra agrupaci\u00f3n est\u00e1 conformada por familias y amigos de personas con discapacidad y neurodivergencia. Buscamos espacios de inclusi\u00f3n, contenci\u00f3n emocional y apoyo. Postulamos porque necesit\u00e1bamos talleres y terapias para los ni\u00f1os, ni\u00f1as y sus familias\u201d, relat\u00f3.<\/p>\n<p style=\"font-weight: 400;\">La dirigente detall\u00f3 que las actividades fueron desarrolladas con el apoyo de profesionales del Hospital de Puerto Saavedra y redes colaborativas del territorio. \u201cRealizamos talleres de acompa\u00f1amiento, arte, manualidades y motricidad. Siempre fuimos buscando qui\u00e9n pod\u00eda colaborar, y as\u00ed se fue levantando este proyecto\u201d, afirm\u00f3.<\/p>\n<p style=\"font-weight: 400;\">Por su parte, Gilda Fuentes, jefa del Subdepartamento de Participaci\u00f3n del Servicio de Salud, resalt\u00f3 que estas iniciativas representan un pilar fundamental del modelo de salud. \u201cEl trabajo comunitario es uno de los pilares m\u00e1s importantes del modelo de salud integral con enfoque familiar y comunitario. Estos proyectos muestran que los cuidados no est\u00e1n solo en los establecimientos, sino tambi\u00e9n en las pr\u00e1cticas cotidianas de las personas, familias y organizaciones\u201d, explic\u00f3.<\/p>\n<p style=\"font-weight: 400;\">Asimismo, destac\u00f3 la articulaci\u00f3n permanente entre el Subdepartamento de Participaci\u00f3n y Atenci\u00f3n Primaria: \u201cNuestro rol es acompa\u00f1ar el proceso completo: la orientaci\u00f3n t\u00e9cnica, el seguimiento, la evaluaci\u00f3n y este espacio de intercambio. Es un trabajo colaborativo que permite fortalecer el modelo en su conjunto\u201d, se\u00f1al\u00f3.<\/p>\n<p style=\"font-weight: 400;\">Finalmente, Fuentes record\u00f3 que este tipo de iniciativas tiene una trayectoria de varios a\u00f1os y ha evolucionado en su enfoque. \u201cAntes eran proyectos de buenas pr\u00e1cticas, pero hoy hablamos de cuidados comunitarios, una mirada m\u00e1s amplia que releva el cuidado en la vida diaria y en la construcci\u00f3n de comunidad\u201d, indic\u00f3.<\/p>\n<p style=\"font-weight: 400;\">El proceso de ejecuci\u00f3n de los proyectos se desarrolla entre marzo y diciembre, per\u00edodo en que las organizaciones implementan talleres, actividades educativas y acciones comunitarias orientadas al bienestar integral de sus territorios.<\/p>\n","protected":false},"excerpt":{"rendered":"<p>Con la participaci\u00f3n de organizaciones comunitarias, equipos de Atenci\u00f3n Primaria y representantes de diversas comunas del territorio, el Servicio de Salud Araucan\u00eda Sur desarroll\u00f3 una nueva jornada de intercambio de experiencias del Programa de Cuidados Comunitarios, instancia que busca fortalecer el modelo de salud integral con enfoque familiar y comunitario. La actividad permiti\u00f3 presentar los avances, desaf\u00edos y resultados de las iniciativas ejecutadas durante el a\u00f1o por agrupaciones y establecimientos de la red asistencial. En esta versi\u00f3n, se financiaron cerca de 200 millones de pesos para apoyar proyectos orientados al bienestar, la prevenci\u00f3n y la participaci\u00f3n social, con \u00e9nfasis en postas [&hellip;]<\/p>\n","protected":false},"author":2,"featured_media":25028,"comment_status":"closed","ping_status":"open","sticky":false,"template":"","format":"standard","meta":{"_crdt_document":"","_monsterinsights_skip_tracking":false,"_monsterinsights_sitenote_active":false,"_monsterinsights_sitenote_note":"","_monsterinsights_sitenote_category":0,"_jetpack_memberships_contains_paid_content":false,"footnotes":""},"categories":[8,7,2],"tags":[],"class_list":["post-25027","post","type-post","status-publish","format-standard","has-post-thumbnail","hentry","category-internacional","category-nacional","category-regionales"],"jetpack_featured_media_url":"https:\/\/radiotemuco.com\/home\/wp-content\/uploads\/2025\/12\/IMG_1802-scaled.jpg","jetpack_sharing_enabled":true,"_links":{"self":[{"href":"https:\/\/radiotemuco.com\/home\/wp-json\/wp\/v2\/posts\/25027","targetHints":{"allow":["GET"]}}],"collection":[{"href":"https:\/\/radiotemuco.com\/home\/wp-json\/wp\/v2\/posts"}],"about":[{"href":"https:\/\/radiotemuco.com\/home\/wp-json\/wp\/v2\/types\/post"}],"author":[{"embeddable":true,"href":"https:\/\/radiotemuco.com\/home\/wp-json\/wp\/v2\/users\/2"}],"replies":[{"embeddable":true,"href":"https:\/\/radiotemuco.com\/home\/wp-json\/wp\/v2\/comments?post=25027"}],"version-history":[{"count":1,"href":"https:\/\/radiotemuco.com\/home\/wp-json\/wp\/v2\/posts\/25027\/revisions"}],"predecessor-version":[{"id":25029,"href":"https:\/\/radiotemuco.com\/home\/wp-json\/wp\/v2\/posts\/25027\/revisions\/25029"}],"wp:featuredmedia":[{"embeddable":true,"href":"https:\/\/radiotemuco.com\/home\/wp-json\/wp\/v2\/media\/25028"}],"wp:attachment":[{"href":"https:\/\/radiotemuco.com\/home\/wp-json\/wp\/v2\/media?parent=25027"}],"wp:term":[{"taxonomy":"category","embeddable":true,"href":"https:\/\/radiotemuco.com\/home\/wp-json\/wp\/v2\/categories?post=25027"},{"taxonomy":"post_tag","embeddable":true,"href":"https:\/\/radiotemuco.com\/home\/wp-json\/wp\/v2\/tags?post=25027"}],"curies":[{"name":"wp","href":"https:\/\/api.w.org\/{rel}","templated":true}]}}