{"id":25024,"date":"2025-12-04T09:18:08","date_gmt":"2025-12-04T09:18:08","guid":{"rendered":"https:\/\/radiotemuco.com\/home\/?p=25024"},"modified":"2025-12-04T09:18:08","modified_gmt":"2025-12-04T09:18:08","slug":"ust-temuco-realiza-tercera-version-de-operativo-de-salud-para-adultos-en-truf-truf","status":"publish","type":"post","link":"https:\/\/radiotemuco.com\/home\/ust-temuco-realiza-tercera-version-de-operativo-de-salud-para-adultos-en-truf-truf\/","title":{"rendered":"UST Temuco realiza tercera versi\u00f3n de operativo de salud para adultos en Truf Truf"},"content":{"rendered":"<p>Con m\u00e1s de 100 atenciones entregadas a vecinos y vecinas del sector rural de Truf Truf, la Universidad Santo Tom\u00e1s desarroll\u00f3 la tercera versi\u00f3n de su operativo de promoci\u00f3n y prevenci\u00f3n en salud dirigido a personas adultas, iniciativa realizada en el marco del proyecto de Vinculaci\u00f3n con el Medio de Desarrollo Territorial \u201cCasa de la Familia\u201d.<\/p>\n<p>La jornada \u2014desarrollada en coordinaci\u00f3n con la Posta de Salud Rural de Truf Truf y el CESFAM de Padre Las Casas\u2014 tuvo como prop\u00f3sito fortalecer el cuidado preventivo de la salud comunitaria mediante evaluaciones en nutrici\u00f3n, control cardiovascular y chequeo general. Adem\u00e1s, se sum\u00f3 la toma del ant\u00edgeno prost\u00e1tico, examen clave para la detecci\u00f3n temprana de patolog\u00edas prost\u00e1ticas en hombres adultos.<\/p>\n<p>Este operativo forma parte del compromiso institucional de la Universidad Santo Tom\u00e1s con la Vinculaci\u00f3n con el Medio, entendida como un proceso bidireccional que contribuye simult\u00e1neamente al bienestar social y a la formaci\u00f3n de capital humano. En este contexto, la comunidad recibe apoyo concreto en salud preventiva, mientras que los estudiantes de Nutrici\u00f3n y Diet\u00e9tica, Enfermer\u00eda y Tecnolog\u00eda M\u00e9dica fortalecen su aprendizaje aplicando conocimientos en terreno, comprendiendo realidades locales y desarrollando competencias profesionales con sentido social.<\/p>\n<p>La iniciativa tambi\u00e9n permiti\u00f3 consolidar la colaboraci\u00f3n sostenida con la Posta de Salud Rural de Truf Truf, socio comunitario estrat\u00e9gico del proyecto \u201cCasa de la Familia\u201d. Durante el a\u00f1o, esta alianza se ha reflejado en capacitaciones ofrecidas por la UST a funcionarios de salud en temas como lesiones musculoesquel\u00e9ticas y Reanimaci\u00f3n Cardiopulmonar (RCP), reforzando un trabajo conjunto orientado al desarrollo territorial.<\/p>\n<p>Con iniciativas como esta, la Vinculaci\u00f3n con el Medio se vuelve parte viva del quehacer universitario: une a estudiantes, acad\u00e9micos y socios comunitarios en torno a un prop\u00f3sito com\u00fan, fortaleciendo el desarrollo territorial y demostrando que el aprendizaje toma su mayor sentido cuando se comparte con la comunidad.<\/p>\n","protected":false},"excerpt":{"rendered":"<p>Con m\u00e1s de 100 atenciones entregadas a vecinos y vecinas del sector rural de Truf Truf, la Universidad Santo Tom\u00e1s desarroll\u00f3 la tercera versi\u00f3n de su operativo de promoci\u00f3n y prevenci\u00f3n en salud dirigido a personas adultas, iniciativa realizada en el marco del proyecto de Vinculaci\u00f3n con el Medio de Desarrollo Territorial \u201cCasa de la Familia\u201d. La jornada \u2014desarrollada en coordinaci\u00f3n con la Posta de Salud Rural de Truf Truf y el CESFAM de Padre Las Casas\u2014 tuvo como prop\u00f3sito fortalecer el cuidado preventivo de la salud comunitaria mediante evaluaciones en nutrici\u00f3n, control cardiovascular y chequeo general. Adem\u00e1s, se sum\u00f3 la [&hellip;]<\/p>\n","protected":false},"author":2,"featured_media":25025,"comment_status":"closed","ping_status":"open","sticky":false,"template":"","format":"standard","meta":{"_crdt_document":"","_monsterinsights_skip_tracking":false,"_monsterinsights_sitenote_active":false,"_monsterinsights_sitenote_note":"","_monsterinsights_sitenote_category":0,"_jetpack_memberships_contains_paid_content":false,"footnotes":""},"categories":[8,7,2],"tags":[],"class_list":["post-25024","post","type-post","status-publish","format-standard","has-post-thumbnail","hentry","category-internacional","category-nacional","category-regionales"],"jetpack_featured_media_url":"https:\/\/radiotemuco.com\/home\/wp-content\/uploads\/2025\/12\/Nota-Proyecto-de-Desarrollo-Territorial-UST-Temuco-desarrolla-tercera-version-de-operativo-de-salud-en-Truf-Truf.jpeg","jetpack_sharing_enabled":true,"_links":{"self":[{"href":"https:\/\/radiotemuco.com\/home\/wp-json\/wp\/v2\/posts\/25024","targetHints":{"allow":["GET"]}}],"collection":[{"href":"https:\/\/radiotemuco.com\/home\/wp-json\/wp\/v2\/posts"}],"about":[{"href":"https:\/\/radiotemuco.com\/home\/wp-json\/wp\/v2\/types\/post"}],"author":[{"embeddable":true,"href":"https:\/\/radiotemuco.com\/home\/wp-json\/wp\/v2\/users\/2"}],"replies":[{"embeddable":true,"href":"https:\/\/radiotemuco.com\/home\/wp-json\/wp\/v2\/comments?post=25024"}],"version-history":[{"count":1,"href":"https:\/\/radiotemuco.com\/home\/wp-json\/wp\/v2\/posts\/25024\/revisions"}],"predecessor-version":[{"id":25026,"href":"https:\/\/radiotemuco.com\/home\/wp-json\/wp\/v2\/posts\/25024\/revisions\/25026"}],"wp:featuredmedia":[{"embeddable":true,"href":"https:\/\/radiotemuco.com\/home\/wp-json\/wp\/v2\/media\/25025"}],"wp:attachment":[{"href":"https:\/\/radiotemuco.com\/home\/wp-json\/wp\/v2\/media?parent=25024"}],"wp:term":[{"taxonomy":"category","embeddable":true,"href":"https:\/\/radiotemuco.com\/home\/wp-json\/wp\/v2\/categories?post=25024"},{"taxonomy":"post_tag","embeddable":true,"href":"https:\/\/radiotemuco.com\/home\/wp-json\/wp\/v2\/tags?post=25024"}],"curies":[{"name":"wp","href":"https:\/\/api.w.org\/{rel}","templated":true}]}}