{"id":25021,"date":"2025-12-04T09:16:56","date_gmt":"2025-12-04T09:16:56","guid":{"rendered":"https:\/\/radiotemuco.com\/home\/?p=25021"},"modified":"2025-12-04T09:16:56","modified_gmt":"2025-12-04T09:16:56","slug":"en-marzo-de-2026-se-llamara-a-licitacion-la-construccion-de-escuela-egon-keutmann-de-huiscapi-en-loncoche","status":"publish","type":"post","link":"https:\/\/radiotemuco.com\/home\/en-marzo-de-2026-se-llamara-a-licitacion-la-construccion-de-escuela-egon-keutmann-de-huiscapi-en-loncoche\/","title":{"rendered":"En marzo de 2026 se llamar\u00e1 a licitaci\u00f3n la construcci\u00f3n de Escuela Egon Keutmann de Huiscapi en Loncoche"},"content":{"rendered":"<p>En marzo del a\u00f1o 2026 se publicar\u00e1 el llamado a licitaci\u00f3n para la construcci\u00f3n de la \u00a0nueva escuela Egon Keutmann de la localidad de Huiscapi, en la comuna de Loncoche. As\u00ed fue dado a conocer por el Seremi de Obras P\u00fablicas, Lincoyan Painecura, quien junto a la Seremi de Educaci\u00f3n, Marcela Castro y el Director Regional\u00a0 de Arquitectura, Manuel Bravo Schilling se reunieron con la comunidad educativa\u00a0 y el alcalde de Loncoche Alexis Pineda para informar sobre este proceso de licitaci\u00f3n.<\/p>\n<p>El Seremi del MOP, se mostr\u00f3 satisfecho y contento al entregar esta noticia. \u201cSabemos que ha sido un proceso bastante largo y una lucha bastante digna que han dado los padres y apoderados y lo cierto que el proceso licitatorio hab\u00eda estado detenido por distintos motivos administrativos, pero hemos dado la buena noticia que ya podemos avanzar en la licitaci\u00f3n de nueva escuela\u201d.<\/p>\n<p>\u201cCon esto vemos la luz al final del t\u00fanel y se comienza a resolver un problema que aqueja desde hace bastantes a\u00f1os \u00a0a la comunidad educativa\u201d, destac\u00f3 la autoridad del MOP.<\/p>\n<p>En tanto el director regional de Arquitectura, Manuel Bravo, dijo que, \u201cla construcci\u00f3n de este establecimiento proyecta en una superficie de 2.870 m2 y su inversi\u00f3n que supera los 8.500 millones de pesos ser\u00e1n financiados por el Gobierno Regional. Es una escuela que se ejecutar\u00e1 bajo altos est\u00e1ndares de calidad; un edificio sustentable que dar\u00e1 una seguridad de calidad \u00a0\u00a0a los usuarios\u201d, inform\u00f3.<\/p>\n<p>Por su parte el Alcalde de Loncoche, Alexis Pineda, dijo recibir con alegr\u00eda el anuncio de la licitaci\u00f3n para la construcci\u00f3n de una nueva escuela. \u201cNosotros con esto damos por finalizados el proceso de movilizaci\u00f3n que hab\u00eda comenzado hace un poco m\u00e1s de una semana, cuando llegamos hasta Temuco junto con la comunidad para\u00a0 exigir una respuesta por parte del Estado a los alumnos de esta escuela y hoy recibimos\u00a0 con alegr\u00eda y satisfacci\u00f3n la noticia que nos da el seremi\u201d, asegur\u00f3.<\/p>\n<p>Quien tambi\u00e9n se refiri\u00f3 a esta iniciativa, fue la Seremi de Educaci\u00f3n Marcela Castro, quien destac\u00f3 que,\u00a0 \u201ccuando el Presidente Gabriel Boric levanta el proyecto de reactivaci\u00f3n educativa hay un eje s\u00faper importante y\u00a0 que es la asistencia y la vinculaci\u00f3n.\u00a0 Por lo tanto tenemos que tener espacios preparados, amigables y tambi\u00e9n seguros para todos nuestros estudiantes y con el llamado a licitaci\u00f3n respondemos a esa necesidad\u201d, asegur\u00f3.<\/p>\n<p>Finalmente Daniela Chand\u00eda, presidenta del Centro General de Padres de la Escuela Egon Keutmann, coment\u00f3 que es una alegr\u00eda tremenda recibir la noticia de la licitaci\u00f3n. Hace 103 a\u00f1os esper\u00e1bamos respuesta y hoy estamos felices que esto se haya movido r\u00e1pido, por lo tanto estamos muy agradecidos y esperamos que en marzo se comience a concretar este sue\u00f1o\u201d, asever\u00f3.<\/p>\n","protected":false},"excerpt":{"rendered":"<p>En marzo del a\u00f1o 2026 se publicar\u00e1 el llamado a licitaci\u00f3n para la construcci\u00f3n de la \u00a0nueva escuela Egon Keutmann de la localidad de Huiscapi, en la comuna de Loncoche. As\u00ed fue dado a conocer por el Seremi de Obras P\u00fablicas, Lincoyan Painecura, quien junto a la Seremi de Educaci\u00f3n, Marcela Castro y el Director Regional\u00a0 de Arquitectura, Manuel Bravo Schilling se reunieron con la comunidad educativa\u00a0 y el alcalde de Loncoche Alexis Pineda para informar sobre este proceso de licitaci\u00f3n. El Seremi del MOP, se mostr\u00f3 satisfecho y contento al entregar esta noticia. \u201cSabemos que ha sido un proceso bastante [&hellip;]<\/p>\n","protected":false},"author":2,"featured_media":25022,"comment_status":"closed","ping_status":"open","sticky":false,"template":"","format":"standard","meta":{"_crdt_document":"","_monsterinsights_skip_tracking":false,"_monsterinsights_sitenote_active":false,"_monsterinsights_sitenote_note":"","_monsterinsights_sitenote_category":0,"_jetpack_memberships_contains_paid_content":false,"footnotes":""},"categories":[8,7,2],"tags":[],"class_list":["post-25021","post","type-post","status-publish","format-standard","has-post-thumbnail","hentry","category-internacional","category-nacional","category-regionales"],"jetpack_featured_media_url":"https:\/\/radiotemuco.com\/home\/wp-content\/uploads\/2025\/12\/20251202_152601.jpg","jetpack_sharing_enabled":true,"_links":{"self":[{"href":"https:\/\/radiotemuco.com\/home\/wp-json\/wp\/v2\/posts\/25021","targetHints":{"allow":["GET"]}}],"collection":[{"href":"https:\/\/radiotemuco.com\/home\/wp-json\/wp\/v2\/posts"}],"about":[{"href":"https:\/\/radiotemuco.com\/home\/wp-json\/wp\/v2\/types\/post"}],"author":[{"embeddable":true,"href":"https:\/\/radiotemuco.com\/home\/wp-json\/wp\/v2\/users\/2"}],"replies":[{"embeddable":true,"href":"https:\/\/radiotemuco.com\/home\/wp-json\/wp\/v2\/comments?post=25021"}],"version-history":[{"count":1,"href":"https:\/\/radiotemuco.com\/home\/wp-json\/wp\/v2\/posts\/25021\/revisions"}],"predecessor-version":[{"id":25023,"href":"https:\/\/radiotemuco.com\/home\/wp-json\/wp\/v2\/posts\/25021\/revisions\/25023"}],"wp:featuredmedia":[{"embeddable":true,"href":"https:\/\/radiotemuco.com\/home\/wp-json\/wp\/v2\/media\/25022"}],"wp:attachment":[{"href":"https:\/\/radiotemuco.com\/home\/wp-json\/wp\/v2\/media?parent=25021"}],"wp:term":[{"taxonomy":"category","embeddable":true,"href":"https:\/\/radiotemuco.com\/home\/wp-json\/wp\/v2\/categories?post=25021"},{"taxonomy":"post_tag","embeddable":true,"href":"https:\/\/radiotemuco.com\/home\/wp-json\/wp\/v2\/tags?post=25021"}],"curies":[{"name":"wp","href":"https:\/\/api.w.org\/{rel}","templated":true}]}}