{"id":24622,"date":"2025-10-23T08:54:38","date_gmt":"2025-10-23T08:54:38","guid":{"rendered":"https:\/\/radiotemuco.com\/home\/?p=24622"},"modified":"2025-10-23T08:54:38","modified_gmt":"2025-10-23T08:54:38","slug":"secuestro-con-homicidio-en-temuco-uno-de-los-detenidos-es-menor-de-edad","status":"publish","type":"post","link":"https:\/\/radiotemuco.com\/home\/secuestro-con-homicidio-en-temuco-uno-de-los-detenidos-es-menor-de-edad\/","title":{"rendered":"Secuestro con homicidio en Temuco: Uno de los detenidos es menor de edad"},"content":{"rendered":"<p>La\u00a0<strong>PDI<\/strong> investiga un caso de secuestro extorsivo con desenlace fatal en la comuna de Temuco, regi\u00f3n de La\u202fAraucan\u00eda, luego de que un joven de 20 a\u00f1os, que hab\u00eda llegado a la ciudad como temporero, fue encontrado muerto luego de que sus captores pidieran dinero a su madre para liberarlo.<\/p>\n<p><strong>Dos personas, de 17 y de 18 a\u00f1os<\/strong>, fueron\u00a0 detenidas como los principales sospechosos del crimen. Seg\u00fan la PDI, la v\u00edctima habr\u00eda sido retenida durante varios d\u00edas en Temuco. Durante ese periodo, los acusados habr\u00edan llamado a su madre para exigir un\u00a0<strong>rescate (en dinero) por su liberaci\u00f3n<\/strong>.<\/p>\n<p>\u201cEncontramos a esta persona,<strong>\u00a0lamentablemente fallecida,<\/strong>\u00a0y se logra detener a estas dos personas que son imputadas por el delito de secuestro, eventualmente con participaci\u00f3n en la muerte de la misma\u201d, se\u00f1alaron desde la Brigada de Investigaciones Policiales Especiales y Antisecuestros.<\/p>\n<p>Por su parte, el cuerpo de la v\u00edctima fue hallado en Temuco y ser\u00e1 sometido a ex\u00e1menes del\u00a0<strong>Servicio\u202fM\u00e9dico\u202fLegal (SML)<\/strong>\u00a0para establecer con precisi\u00f3n la causa de muerte, aunque\u00a0<strong>no se descarta que haya sido torturado<\/strong>\u00a0durante su retenci\u00f3n.<\/p>\n<p>La PDI y la Fiscal\u00eda contin\u00faan con las diligencias correspondientes, como la recopilaci\u00f3n de c\u00e1maras de seguridad, an\u00e1lisis de las llamadas utilizadas en los contactos con la madre, peritajes al cuerpo de la v\u00edctima y detenci\u00f3n de supuestos c\u00f3mplices.\u00a0<strong>Hasta ahora, solo son dos los sospechosos quee est\u00e1n formalizados.<\/strong><\/p>\n<p>El Fiscal jefe de la Fiscal\u00eda de Alta Complejidad, C\u00e9sar Schibar detall\u00f3 lo sucedido<\/p>\n<div style=\"width: 640px;\" class=\"wp-video\"><video class=\"wp-video-shortcode\" id=\"video-24622-1\" width=\"640\" height=\"360\" preload=\"metadata\" controls=\"controls\"><source type=\"video\/mp4\" src=\"https:\/\/radiotemuco.com\/home\/wp-content\/uploads\/2025\/10\/000000.mp4?_=1\" \/><a href=\"https:\/\/radiotemuco.com\/home\/wp-content\/uploads\/2025\/10\/000000.mp4\">https:\/\/radiotemuco.com\/home\/wp-content\/uploads\/2025\/10\/000000.mp4<\/a><\/video><\/div>\n<div id=\"article-inread-desktop\">\n<div id=\"INREAD\/inread_desktop\" class=\"ads13\" data-name=\"INREAD\/inread\" data-is-full-name=\"1\" data-width=\"1, 250, 300, 600\" data-height=\"1, 250, 300, 400\" data-device=\"desktop\" data-iterable=\"0\" data-collapse=\"0\" data-google-query-id=\"CK76q_n3uZADFeBZuAQdKHMpIw\"><\/div>\n<\/div>\n","protected":false},"excerpt":{"rendered":"<p>La\u00a0PDI investiga un caso de secuestro extorsivo con desenlace fatal en la comuna de Temuco, regi\u00f3n de La\u202fAraucan\u00eda, luego de que un joven de 20 a\u00f1os, que hab\u00eda llegado a la ciudad como temporero, fue encontrado muerto luego de que sus captores pidieran dinero a su madre para liberarlo. Dos personas, de 17 y de 18 a\u00f1os, fueron\u00a0 detenidas como los principales sospechosos del crimen. Seg\u00fan la PDI, la v\u00edctima habr\u00eda sido retenida durante varios d\u00edas en Temuco. Durante ese periodo, los acusados habr\u00edan llamado a su madre para exigir un\u00a0rescate (en dinero) por su liberaci\u00f3n. \u201cEncontramos a esta persona,\u00a0lamentablemente fallecida,\u00a0y [&hellip;]<\/p>\n","protected":false},"author":2,"featured_media":24624,"comment_status":"closed","ping_status":"open","sticky":false,"template":"","format":"standard","meta":{"_crdt_document":"","_monsterinsights_skip_tracking":false,"_monsterinsights_sitenote_active":false,"_monsterinsights_sitenote_note":"","_monsterinsights_sitenote_category":0,"_jetpack_memberships_contains_paid_content":false,"footnotes":""},"categories":[8,7,2],"tags":[],"class_list":["post-24622","post","type-post","status-publish","format-standard","has-post-thumbnail","hentry","category-internacional","category-nacional","category-regionales"],"jetpack_featured_media_url":"https:\/\/radiotemuco.com\/home\/wp-content\/uploads\/2025\/10\/WhatsApp-Image-2025-10-22-at-21.23.33.jpeg","jetpack_sharing_enabled":true,"_links":{"self":[{"href":"https:\/\/radiotemuco.com\/home\/wp-json\/wp\/v2\/posts\/24622","targetHints":{"allow":["GET"]}}],"collection":[{"href":"https:\/\/radiotemuco.com\/home\/wp-json\/wp\/v2\/posts"}],"about":[{"href":"https:\/\/radiotemuco.com\/home\/wp-json\/wp\/v2\/types\/post"}],"author":[{"embeddable":true,"href":"https:\/\/radiotemuco.com\/home\/wp-json\/wp\/v2\/users\/2"}],"replies":[{"embeddable":true,"href":"https:\/\/radiotemuco.com\/home\/wp-json\/wp\/v2\/comments?post=24622"}],"version-history":[{"count":1,"href":"https:\/\/radiotemuco.com\/home\/wp-json\/wp\/v2\/posts\/24622\/revisions"}],"predecessor-version":[{"id":24625,"href":"https:\/\/radiotemuco.com\/home\/wp-json\/wp\/v2\/posts\/24622\/revisions\/24625"}],"wp:featuredmedia":[{"embeddable":true,"href":"https:\/\/radiotemuco.com\/home\/wp-json\/wp\/v2\/media\/24624"}],"wp:attachment":[{"href":"https:\/\/radiotemuco.com\/home\/wp-json\/wp\/v2\/media?parent=24622"}],"wp:term":[{"taxonomy":"category","embeddable":true,"href":"https:\/\/radiotemuco.com\/home\/wp-json\/wp\/v2\/categories?post=24622"},{"taxonomy":"post_tag","embeddable":true,"href":"https:\/\/radiotemuco.com\/home\/wp-json\/wp\/v2\/tags?post=24622"}],"curies":[{"name":"wp","href":"https:\/\/api.w.org\/{rel}","templated":true}]}}