{"id":24618,"date":"2025-10-22T14:51:15","date_gmt":"2025-10-22T14:51:15","guid":{"rendered":"https:\/\/radiotemuco.com\/home\/?p=24618"},"modified":"2025-10-22T14:51:15","modified_gmt":"2025-10-22T14:51:15","slug":"68-micro-y-pequenos-empresarios-podran-seguir-fortaleciendo-sus-negocios-gracias-al-programa-crece-de-sercotec","status":"publish","type":"post","link":"https:\/\/radiotemuco.com\/home\/68-micro-y-pequenos-empresarios-podran-seguir-fortaleciendo-sus-negocios-gracias-al-programa-crece-de-sercotec\/","title":{"rendered":"68 micro y peque\u00f1os empresarios podr\u00e1n seguir fortaleciendo sus negocios gracias al programa Crece de Sercotec"},"content":{"rendered":"<p dir=\"ltr\">En miras de continuar apoyando y mejorando las oportunidades de micro y peque\u00f1as empresas, el Servicio de Cooperaci\u00f3n T\u00e9cnica del Estado, Sercotec, certific\u00f3 a 68 beneficiarios de las provincias de Caut\u00edn y Malleco que se adjudicaron el programa Crece Multisectorial 2025.<\/p>\n<p dir=\"ltr\">La iniciativa, que busca aumentar sosteniblemente el valor y proyecci\u00f3n de peque\u00f1os negocios, permitir\u00e1 que las y los beneficiarios accedan a un financiamiento de $5.000.000, recursos que podr\u00e1n destinarse a fortalecer distintas \u00e1reas, como la contrataci\u00f3n de asesor\u00edas especializadas, adquisici\u00f3n de equipamiento, habilitaci\u00f3n de infraestructura productiva o comercial y capital de trabajo.<\/p>\n<p dir=\"ltr\">Mirna Aguilar, una de las empresarias beneficiadas y parte del negocio F\u00e1brica de Cecinas Santa Ema de Pur\u00e9n, destac\u00f3 el apoyo por parte de Sercotec: \u201cEstamos muy contentos por habernos adjudicado este proyecto, es la primera vez que accedemos a un fondo de este tipo y para nosotros significa un impulso enorme para seguir creciendo. Agradecemos estas instancias que apoyan a los peque\u00f1os emprendimientos, porque realmente llegan en el momento justo. Nos sentimos felices y orgullosos de poder participar y seguir fortaleciendo nuestro negocio familiar\u201d.<\/p>\n<p dir=\"ltr\">En la misma l\u00ednea, V\u00edctor Olivares, due\u00f1o de la empresa Ayekahue, dedicada a la fabricaci\u00f3n de instrumentos tradicionales mapuche, expres\u00f3 su satisfacci\u00f3n: \u201cEstamos muy contentos porque nos hemos ganado un proyecto crece de Sercotec Araucan\u00eda, con el cual estamos implementando mejoras en el taller que est\u00e1 ubicado en Puerto Saavedra. Ahora podremos implementar mejoras y tambi\u00e9n compras de algunas herramientas e insumos que no ten\u00edamos. Yo creo que la inyecci\u00f3n de recursos que nos permite este proyecto va a ser muy favorable\u201d.<\/p>\n<p dir=\"ltr\">Desde Sercotec Araucan\u00eda, valoraron positivamente los resultados del programa. \u201cEste hito reafirma el trabajo permanente de Sercotec para fortalecer a las micro y peque\u00f1as empresas de la regi\u00f3n. Nuestro objetivo es que cada negocio cuente con las herramientas necesarias para crecer y proyectarse en el tiempo, consolidando as\u00ed un tejido territorial m\u00e1s fuerte y sostenible&#8221;, destacaron.<\/p>\n<p dir=\"ltr\">Con una inversi\u00f3n regional que supera los $397 millones, Sercotec reafirma su compromiso con el fortalecimiento productivo en La Araucan\u00eda, promoviendo que m\u00e1s negocios de zonas urbanas y rurales puedan acceder a apoyo y acompa\u00f1amiento.<\/p>\n","protected":false},"excerpt":{"rendered":"<p>En miras de continuar apoyando y mejorando las oportunidades de micro y peque\u00f1as empresas, el Servicio de Cooperaci\u00f3n T\u00e9cnica del Estado, Sercotec, certific\u00f3 a 68 beneficiarios de las provincias de Caut\u00edn y Malleco que se adjudicaron el programa Crece Multisectorial 2025. La iniciativa, que busca aumentar sosteniblemente el valor y proyecci\u00f3n de peque\u00f1os negocios, permitir\u00e1 que las y los beneficiarios accedan a un financiamiento de $5.000.000, recursos que podr\u00e1n destinarse a fortalecer distintas \u00e1reas, como la contrataci\u00f3n de asesor\u00edas especializadas, adquisici\u00f3n de equipamiento, habilitaci\u00f3n de infraestructura productiva o comercial y capital de trabajo. Mirna Aguilar, una de las empresarias beneficiadas y [&hellip;]<\/p>\n","protected":false},"author":2,"featured_media":24619,"comment_status":"closed","ping_status":"open","sticky":false,"template":"","format":"standard","meta":{"_crdt_document":"","_monsterinsights_skip_tracking":false,"_monsterinsights_sitenote_active":false,"_monsterinsights_sitenote_note":"","_monsterinsights_sitenote_category":0,"_jetpack_memberships_contains_paid_content":false,"footnotes":""},"categories":[8,7,2],"tags":[],"class_list":["post-24618","post","type-post","status-publish","format-standard","has-post-thumbnail","hentry","category-internacional","category-nacional","category-regionales"],"jetpack_featured_media_url":"https:\/\/radiotemuco.com\/home\/wp-content\/uploads\/2025\/10\/4-scaled.jpg","jetpack_sharing_enabled":true,"_links":{"self":[{"href":"https:\/\/radiotemuco.com\/home\/wp-json\/wp\/v2\/posts\/24618","targetHints":{"allow":["GET"]}}],"collection":[{"href":"https:\/\/radiotemuco.com\/home\/wp-json\/wp\/v2\/posts"}],"about":[{"href":"https:\/\/radiotemuco.com\/home\/wp-json\/wp\/v2\/types\/post"}],"author":[{"embeddable":true,"href":"https:\/\/radiotemuco.com\/home\/wp-json\/wp\/v2\/users\/2"}],"replies":[{"embeddable":true,"href":"https:\/\/radiotemuco.com\/home\/wp-json\/wp\/v2\/comments?post=24618"}],"version-history":[{"count":1,"href":"https:\/\/radiotemuco.com\/home\/wp-json\/wp\/v2\/posts\/24618\/revisions"}],"predecessor-version":[{"id":24620,"href":"https:\/\/radiotemuco.com\/home\/wp-json\/wp\/v2\/posts\/24618\/revisions\/24620"}],"wp:featuredmedia":[{"embeddable":true,"href":"https:\/\/radiotemuco.com\/home\/wp-json\/wp\/v2\/media\/24619"}],"wp:attachment":[{"href":"https:\/\/radiotemuco.com\/home\/wp-json\/wp\/v2\/media?parent=24618"}],"wp:term":[{"taxonomy":"category","embeddable":true,"href":"https:\/\/radiotemuco.com\/home\/wp-json\/wp\/v2\/categories?post=24618"},{"taxonomy":"post_tag","embeddable":true,"href":"https:\/\/radiotemuco.com\/home\/wp-json\/wp\/v2\/tags?post=24618"}],"curies":[{"name":"wp","href":"https:\/\/api.w.org\/{rel}","templated":true}]}}