{"id":24606,"date":"2025-10-21T15:05:49","date_gmt":"2025-10-21T15:05:49","guid":{"rendered":"https:\/\/radiotemuco.com\/home\/?p=24606"},"modified":"2025-10-21T15:05:49","modified_gmt":"2025-10-21T15:05:49","slug":"sercotec-araucania-invita-a-participar-de-las-actividades-de-la-semana-de-las-mipymes","status":"publish","type":"post","link":"https:\/\/radiotemuco.com\/home\/sercotec-araucania-invita-a-participar-de-las-actividades-de-la-semana-de-las-mipymes\/","title":{"rendered":"Sercotec Araucan\u00eda invita a participar de las actividades de la Semana de las MiPymes"},"content":{"rendered":"<p dir=\"ltr\">En el marco de una nueva edici\u00f3n de la Semana de las Mipymes y Cooperativas 2025, iniciativa impulsada por el Ministerio de Econom\u00eda, Fomento y Turismo para relevar el aporte de estos negocios al desarrollo econ\u00f3mico del pa\u00eds, el Servicio de Cooperaci\u00f3n T\u00e9cnica del Estado, Sercotec, invita a participar de las diversas actividades que se desarrollar\u00e1n durante los pr\u00f3ximos d\u00edas para celebrar a las empresas de menor tama\u00f1o de Chile. En La Araucan\u00eda, las jornadas se desarrollar\u00e1n del 21 al 24 de octubre en Temuco y Angol.<\/p>\n<p dir=\"ltr\">Son 60 diversas iniciativas que Sercotec ha propuesto a lo largo de todo el territorio nacional para dar vida a esta celebraci\u00f3n. En la regi\u00f3n, se realizar\u00e1n capacitaciones y un encuentro dirigido a quienes deseen potenciar sus empresas como tambi\u00e9n a quienes deseen conocer las pymes que est\u00e1n surgiendo en la regi\u00f3n.<\/p>\n<p dir=\"ltr\">Durante esta jornada se est\u00e1 realizando en Angol el encuentro empresarial &#8220;IA aplicada a negocios&#8221; (Caupolic\u00e1n 101), instancia que abordar\u00e1 el uso de herramientas digitales y tecnol\u00f3gicas en la gesti\u00f3n empresarial. Luego, el mi\u00e9rcoles 23 de octubre, en Temuco, se llevar\u00e1 a cabo el taller &#8220;Mentorgeyi\u00f1, kom tx\u00fcr amuyil (Todos avanzamos)&#8221; en Aldunate 174, enfocado en el acompa\u00f1amiento para pymes locales. Finalmente, el jueves 24 de octubre, tambi\u00e9n en Temuco, se dictar\u00e1 la capacitaci\u00f3n &#8220;Programa de formaci\u00f3n en importaciones de bienes y servicios&#8221; en la Universidad de La Frontera, dirigida a empresas que buscan ampliar sus oportunidades comerciales en mercados internacionales.<\/p>\n<p dir=\"ltr\">Al respecto, desde Sercotec Araucan\u00eda se\u00f1alaron que \u201cla Semana de las MiPymes es una oportunidad para reconocer el esfuerzo de miles de micro empresarios que impulsan la econom\u00eda regional. Desde Sercotec Araucan\u00eda queremos invitarles a participar de estas actividades dise\u00f1adas para fortalecer sus capacidades, compartir experiencias y seguir construyendo un ecosistema empresarial m\u00e1s din\u00e1mico e inclusivo\u201d.<\/p>\n<p dir=\"ltr\">De esta manera, la Semana de las MiPymes se convierte en una oportunidad para reunir a peque\u00f1os empresarios de distintos puntos de la regi\u00f3n, generando redes, aprendizajes y nuevas perspectivas para el crecimiento de sus negocios.<\/p>\n","protected":false},"excerpt":{"rendered":"<p>En el marco de una nueva edici\u00f3n de la Semana de las Mipymes y Cooperativas 2025, iniciativa impulsada por el Ministerio de Econom\u00eda, Fomento y Turismo para relevar el aporte de estos negocios al desarrollo econ\u00f3mico del pa\u00eds, el Servicio de Cooperaci\u00f3n T\u00e9cnica del Estado, Sercotec, invita a participar de las diversas actividades que se desarrollar\u00e1n durante los pr\u00f3ximos d\u00edas para celebrar a las empresas de menor tama\u00f1o de Chile. En La Araucan\u00eda, las jornadas se desarrollar\u00e1n del 21 al 24 de octubre en Temuco y Angol. Son 60 diversas iniciativas que Sercotec ha propuesto a lo largo de todo el [&hellip;]<\/p>\n","protected":false},"author":2,"featured_media":24607,"comment_status":"closed","ping_status":"open","sticky":false,"template":"","format":"standard","meta":{"_crdt_document":"","_monsterinsights_skip_tracking":false,"_monsterinsights_sitenote_active":false,"_monsterinsights_sitenote_note":"","_monsterinsights_sitenote_category":0,"_jetpack_memberships_contains_paid_content":false,"footnotes":""},"categories":[8,7,2],"tags":[],"class_list":["post-24606","post","type-post","status-publish","format-standard","has-post-thumbnail","hentry","category-internacional","category-nacional","category-regionales"],"jetpack_featured_media_url":"https:\/\/radiotemuco.com\/home\/wp-content\/uploads\/2025\/10\/Semana-de-las-Mipymes-y-Cooperativas-1-2048x1365-1.jpg","jetpack_sharing_enabled":true,"_links":{"self":[{"href":"https:\/\/radiotemuco.com\/home\/wp-json\/wp\/v2\/posts\/24606","targetHints":{"allow":["GET"]}}],"collection":[{"href":"https:\/\/radiotemuco.com\/home\/wp-json\/wp\/v2\/posts"}],"about":[{"href":"https:\/\/radiotemuco.com\/home\/wp-json\/wp\/v2\/types\/post"}],"author":[{"embeddable":true,"href":"https:\/\/radiotemuco.com\/home\/wp-json\/wp\/v2\/users\/2"}],"replies":[{"embeddable":true,"href":"https:\/\/radiotemuco.com\/home\/wp-json\/wp\/v2\/comments?post=24606"}],"version-history":[{"count":1,"href":"https:\/\/radiotemuco.com\/home\/wp-json\/wp\/v2\/posts\/24606\/revisions"}],"predecessor-version":[{"id":24608,"href":"https:\/\/radiotemuco.com\/home\/wp-json\/wp\/v2\/posts\/24606\/revisions\/24608"}],"wp:featuredmedia":[{"embeddable":true,"href":"https:\/\/radiotemuco.com\/home\/wp-json\/wp\/v2\/media\/24607"}],"wp:attachment":[{"href":"https:\/\/radiotemuco.com\/home\/wp-json\/wp\/v2\/media?parent=24606"}],"wp:term":[{"taxonomy":"category","embeddable":true,"href":"https:\/\/radiotemuco.com\/home\/wp-json\/wp\/v2\/categories?post=24606"},{"taxonomy":"post_tag","embeddable":true,"href":"https:\/\/radiotemuco.com\/home\/wp-json\/wp\/v2\/tags?post=24606"}],"curies":[{"name":"wp","href":"https:\/\/api.w.org\/{rel}","templated":true}]}}