{"id":24602,"date":"2025-10-21T14:59:26","date_gmt":"2025-10-21T14:59:26","guid":{"rendered":"https:\/\/radiotemuco.com\/home\/?p=24602"},"modified":"2025-10-21T14:59:26","modified_gmt":"2025-10-21T14:59:26","slug":"diputado-jorge-rathgeb-llama-a-autoridades-de-la-ufro-a-dar-senales-sobre-futuro-de-los-trabajadores","status":"publish","type":"post","link":"https:\/\/radiotemuco.com\/home\/diputado-jorge-rathgeb-llama-a-autoridades-de-la-ufro-a-dar-senales-sobre-futuro-de-los-trabajadores\/","title":{"rendered":"Diputado Jorge Rathgeb llama a autoridades de la UFRO a dar se\u00f1ales sobre futuro de los trabajadores"},"content":{"rendered":"<p>El parlamentario indic\u00f3 que son varios los funcionarios que han tomado contacto con \u00e9l, y le han manifestado la incertidumbre por la situaci\u00f3n que se pueda venir en sus fuentes laborales.<\/p>\n<p style=\"font-weight: 400;\">Luego que la Universidad de La Frontera a fines del 2024, ejecut\u00f3 despidos masivos y anunciara hace pocos d\u00edas que no habr\u00edan reajustes salariales, la preocupaci\u00f3n ronda en sus trabajadores.<\/p>\n<p style=\"font-weight: 400;\">Con el fin de que se les entreguen luces sobre el futuro, el parlamentario y presidente regional en La Araucan\u00eda de Renovaci\u00f3n Nacional, Jorge Rathgeb Schifferli, hizo un llamado a las autoridades a entregar se\u00f1ales claras sobre lo que ocurrir\u00e1 con los funcionarios.<\/p>\n<p style=\"font-weight: 400;\">El congresista indic\u00f3 que, tras lo ocurrido en el \u00faltimo tiempo, la crisis econ\u00f3mica de la casa de estudios, quienes prestan labores est\u00e1n con inquietud pensando en el futuro laboral, m\u00e1s en una regi\u00f3n que est\u00e1 por sobre la media nacional en \u00edndices de cesant\u00eda.<\/p>\n<p style=\"font-weight: 400;\">Rathgeb, llam\u00f3 a ser claros, para evitar despidos o situaciones que perjudiquen a quienes se desempe\u00f1an en la casa de estudios m\u00e1s importante de La Araucan\u00eda.<\/p>\n<p style=\"font-weight: 400;\">&#8220;Son miles los funcionarios que est\u00e1n inquietos por su futuro y porque no tienen se\u00f1ales claras de lo que ocurrir\u00e1, por eso mi llamado es a las autoridades a poder clarificar el panorama, por la incertidumbre existente y tomando en cuenta que esto repercute en toda la regi\u00f3n&#8221;, se\u00f1al\u00f3 Rathgeb.<\/p>\n<audio class=\"wp-audio-shortcode\" id=\"audio-24602-1\" preload=\"none\" style=\"width: 100%;\" controls=\"controls\"><source type=\"audio\/mpeg\" src=\"https:\/\/radiotemuco.com\/home\/wp-content\/uploads\/2025\/10\/CUNA-DIPUTADO-RATHGEB-UFRO.mp3?_=1\" \/><a href=\"https:\/\/radiotemuco.com\/home\/wp-content\/uploads\/2025\/10\/CUNA-DIPUTADO-RATHGEB-UFRO.mp3\">https:\/\/radiotemuco.com\/home\/wp-content\/uploads\/2025\/10\/CUNA-DIPUTADO-RATHGEB-UFRO.mp3<\/a><\/audio>\n<p style=\"font-weight: 400;\">El parlamentario espera que no haya m\u00e1s despidos y la Ufro vuelva a tener el sitial que corresponde en materia acad\u00e9mica y laboral, algo que lamentablemente se ha perdido en el \u00faltimo tiempo.<\/p>\n","protected":false},"excerpt":{"rendered":"<p>El parlamentario indic\u00f3 que son varios los funcionarios que han tomado contacto con \u00e9l, y le han manifestado la incertidumbre por la situaci\u00f3n que se pueda venir en sus fuentes laborales. Luego que la Universidad de La Frontera a fines del 2024, ejecut\u00f3 despidos masivos y anunciara hace pocos d\u00edas que no habr\u00edan reajustes salariales, la preocupaci\u00f3n ronda en sus trabajadores. Con el fin de que se les entreguen luces sobre el futuro, el parlamentario y presidente regional en La Araucan\u00eda de Renovaci\u00f3n Nacional, Jorge Rathgeb Schifferli, hizo un llamado a las autoridades a entregar se\u00f1ales claras sobre lo que ocurrir\u00e1 [&hellip;]<\/p>\n","protected":false},"author":2,"featured_media":24603,"comment_status":"closed","ping_status":"open","sticky":false,"template":"","format":"standard","meta":{"_crdt_document":"","_monsterinsights_skip_tracking":false,"_monsterinsights_sitenote_active":false,"_monsterinsights_sitenote_note":"","_monsterinsights_sitenote_category":0,"_jetpack_memberships_contains_paid_content":false,"footnotes":""},"categories":[8,7,2],"tags":[],"class_list":["post-24602","post","type-post","status-publish","format-standard","has-post-thumbnail","hentry","category-internacional","category-nacional","category-regionales"],"jetpack_featured_media_url":"https:\/\/radiotemuco.com\/home\/wp-content\/uploads\/2025\/10\/DIPUTADO-RATHGEB-UFRO-scaled.jpg","jetpack_sharing_enabled":true,"_links":{"self":[{"href":"https:\/\/radiotemuco.com\/home\/wp-json\/wp\/v2\/posts\/24602","targetHints":{"allow":["GET"]}}],"collection":[{"href":"https:\/\/radiotemuco.com\/home\/wp-json\/wp\/v2\/posts"}],"about":[{"href":"https:\/\/radiotemuco.com\/home\/wp-json\/wp\/v2\/types\/post"}],"author":[{"embeddable":true,"href":"https:\/\/radiotemuco.com\/home\/wp-json\/wp\/v2\/users\/2"}],"replies":[{"embeddable":true,"href":"https:\/\/radiotemuco.com\/home\/wp-json\/wp\/v2\/comments?post=24602"}],"version-history":[{"count":1,"href":"https:\/\/radiotemuco.com\/home\/wp-json\/wp\/v2\/posts\/24602\/revisions"}],"predecessor-version":[{"id":24605,"href":"https:\/\/radiotemuco.com\/home\/wp-json\/wp\/v2\/posts\/24602\/revisions\/24605"}],"wp:featuredmedia":[{"embeddable":true,"href":"https:\/\/radiotemuco.com\/home\/wp-json\/wp\/v2\/media\/24603"}],"wp:attachment":[{"href":"https:\/\/radiotemuco.com\/home\/wp-json\/wp\/v2\/media?parent=24602"}],"wp:term":[{"taxonomy":"category","embeddable":true,"href":"https:\/\/radiotemuco.com\/home\/wp-json\/wp\/v2\/categories?post=24602"},{"taxonomy":"post_tag","embeddable":true,"href":"https:\/\/radiotemuco.com\/home\/wp-json\/wp\/v2\/tags?post=24602"}],"curies":[{"name":"wp","href":"https:\/\/api.w.org\/{rel}","templated":true}]}}