{"id":24597,"date":"2025-10-20T10:32:14","date_gmt":"2025-10-20T10:32:14","guid":{"rendered":"https:\/\/radiotemuco.com\/home\/?p=24597"},"modified":"2025-10-20T10:32:14","modified_gmt":"2025-10-20T10:32:14","slug":"malestar-y-descontento-tercer-ano-consecutivo-funcionarios-de-la-ufro-no-recibiran-reajuste","status":"publish","type":"post","link":"https:\/\/radiotemuco.com\/home\/malestar-y-descontento-tercer-ano-consecutivo-funcionarios-de-la-ufro-no-recibiran-reajuste\/","title":{"rendered":"Malestar y descontento: tercer a\u00f1o consecutivo funcionarios de la Ufro no recibir\u00e1n reajuste"},"content":{"rendered":"<p>Mediante un comunicado enviado la semana pasada la Asociaci\u00f3n de Funcionarios de La Universidad de La Frontera (AFUF) inform\u00f3 a los trabajadores de la instituci\u00f3n estatal que no est\u00e1 contemplado el reajuste anual para el a\u00f1o 2026.<\/p>\n<p><em>&#8220;El Directorio de la AFUF informa que, en diversas reuniones sostenidas con las autoridades universitarias y en distintas instancias, se ha planteado la urgencia de discutir y consensuar el pago del reajuste salarial correspondiente al a\u00f1o 2026 para las funcionarias y los funcionarios de la universidad. Asimismo, se ha se\u00f1alado que la instituci\u00f3n no estar\u00eda en condiciones de otorgar dicho reajuste durante el pr\u00f3ximo a\u00f1o.&#8221;\u00a0<\/em><\/p>\n<p>Cabe recordar que los funcionarios de esta casa de estudios no reciben un reajuste del a\u00f1o 2024 por lo que este periodo que se viene ser\u00edan tres a\u00f1os consecutivos sin percibir un aumento en sus remuneraciones.<\/p>\n<p>La AFUF adem\u00e1s mencion\u00f3 por medio de su comunicado que<em>\u00a0&#8220;Declaramos que esta postura vulnera y desvaloriza el trabajo de todas y todos los funcionarios, sin considerar el presupuesto familiar y costo de la vida, generando un impacto negativo en nuestra comunidad universitaria&#8221;.<\/em><\/p>\n<p>La organizaci\u00f3n gremial termin\u00f3 expresando su malestar agregando que esto ha generado un malestar en la comunidad universitaria por no haber existido un di\u00e1logo previo con sus trabajadores.<\/p>\n","protected":false},"excerpt":{"rendered":"<p>Mediante un comunicado enviado la semana pasada la Asociaci\u00f3n de Funcionarios de La Universidad de La Frontera (AFUF) inform\u00f3 a los trabajadores de la instituci\u00f3n estatal que no est\u00e1 contemplado el reajuste anual para el a\u00f1o 2026. &#8220;El Directorio de la AFUF informa que, en diversas reuniones sostenidas con las autoridades universitarias y en distintas instancias, se ha planteado la urgencia de discutir y consensuar el pago del reajuste salarial correspondiente al a\u00f1o 2026 para las funcionarias y los funcionarios de la universidad. Asimismo, se ha se\u00f1alado que la instituci\u00f3n no estar\u00eda en condiciones de otorgar dicho reajuste durante el pr\u00f3ximo [&hellip;]<\/p>\n","protected":false},"author":2,"featured_media":24598,"comment_status":"closed","ping_status":"open","sticky":false,"template":"","format":"standard","meta":{"_crdt_document":"","_monsterinsights_skip_tracking":false,"_monsterinsights_sitenote_active":false,"_monsterinsights_sitenote_note":"","_monsterinsights_sitenote_category":0,"_jetpack_memberships_contains_paid_content":false,"footnotes":""},"categories":[8,7,2],"tags":[],"class_list":["post-24597","post","type-post","status-publish","format-standard","has-post-thumbnail","hentry","category-internacional","category-nacional","category-regionales"],"jetpack_featured_media_url":"https:\/\/radiotemuco.com\/home\/wp-content\/uploads\/2025\/10\/2.jpeg","jetpack_sharing_enabled":true,"_links":{"self":[{"href":"https:\/\/radiotemuco.com\/home\/wp-json\/wp\/v2\/posts\/24597","targetHints":{"allow":["GET"]}}],"collection":[{"href":"https:\/\/radiotemuco.com\/home\/wp-json\/wp\/v2\/posts"}],"about":[{"href":"https:\/\/radiotemuco.com\/home\/wp-json\/wp\/v2\/types\/post"}],"author":[{"embeddable":true,"href":"https:\/\/radiotemuco.com\/home\/wp-json\/wp\/v2\/users\/2"}],"replies":[{"embeddable":true,"href":"https:\/\/radiotemuco.com\/home\/wp-json\/wp\/v2\/comments?post=24597"}],"version-history":[{"count":1,"href":"https:\/\/radiotemuco.com\/home\/wp-json\/wp\/v2\/posts\/24597\/revisions"}],"predecessor-version":[{"id":24599,"href":"https:\/\/radiotemuco.com\/home\/wp-json\/wp\/v2\/posts\/24597\/revisions\/24599"}],"wp:featuredmedia":[{"embeddable":true,"href":"https:\/\/radiotemuco.com\/home\/wp-json\/wp\/v2\/media\/24598"}],"wp:attachment":[{"href":"https:\/\/radiotemuco.com\/home\/wp-json\/wp\/v2\/media?parent=24597"}],"wp:term":[{"taxonomy":"category","embeddable":true,"href":"https:\/\/radiotemuco.com\/home\/wp-json\/wp\/v2\/categories?post=24597"},{"taxonomy":"post_tag","embeddable":true,"href":"https:\/\/radiotemuco.com\/home\/wp-json\/wp\/v2\/tags?post=24597"}],"curies":[{"name":"wp","href":"https:\/\/api.w.org\/{rel}","templated":true}]}}