{"id":24594,"date":"2025-10-20T09:11:14","date_gmt":"2025-10-20T09:11:14","guid":{"rendered":"https:\/\/radiotemuco.com\/home\/?p=24594"},"modified":"2025-10-20T09:11:14","modified_gmt":"2025-10-20T09:11:14","slug":"deportes-temuco-empato-y-complica-su-permanencia-en-la-primera-b","status":"publish","type":"post","link":"https:\/\/radiotemuco.com\/home\/deportes-temuco-empato-y-complica-su-permanencia-en-la-primera-b\/","title":{"rendered":"Deportes Temuco empat\u00f3 y complica su permanencia en la Primera B"},"content":{"rendered":"<p>El albiverde y Santa Cruz igualaron sin goles en el Germ\u00e1n Becker y se mantienen sufriendo con la opci\u00f3n de descenso a Segunda Divisi\u00f3n.<\/p>\n<p>En duelo v\u00e1lido por la fecha 28 de Primera B, Deportes Temuco recibi\u00f3 a Deportes Santa Cruz, en un duelo que se presagiaba, de alta tensi\u00f3n, debido a las necesidades de ambos elencos, seriamente complicados con el descenso a Segunda Divisi\u00f3n.<\/p>\n<p>Durante la primera fracci\u00f3n, el cuadro albiverde qued\u00f3 al debe. Un elenco inconexo que incluso provoc\u00f3 pifias de la fiel hinchada temuquense. Deportes Santa Cruz hac\u00eda su negocio y lograba insinuar en algunas ocasiones, pero Yerko Urra respond\u00eda y el cero a cero marcaba el t\u00e9rmino de la primera mitad, c\u00f3mo asi fue tambien hasta los 90 minutos.<\/p>\n<p>El duelo se cerr\u00f3 con un 0-0 que deja a al Pije muy complicado en la tabla de posiciones, al Becker lleg\u00f3 un p\u00fablico controlado de 5.634 espectadores.<\/p>\n","protected":false},"excerpt":{"rendered":"<p>El albiverde y Santa Cruz igualaron sin goles en el Germ\u00e1n Becker y se mantienen sufriendo con la opci\u00f3n de descenso a Segunda Divisi\u00f3n. En duelo v\u00e1lido por la fecha 28 de Primera B, Deportes Temuco recibi\u00f3 a Deportes Santa Cruz, en un duelo que se presagiaba, de alta tensi\u00f3n, debido a las necesidades de ambos elencos, seriamente complicados con el descenso a Segunda Divisi\u00f3n. Durante la primera fracci\u00f3n, el cuadro albiverde qued\u00f3 al debe. Un elenco inconexo que incluso provoc\u00f3 pifias de la fiel hinchada temuquense. Deportes Santa Cruz hac\u00eda su negocio y lograba insinuar en algunas ocasiones, pero Yerko [&hellip;]<\/p>\n","protected":false},"author":2,"featured_media":24595,"comment_status":"closed","ping_status":"open","sticky":false,"template":"","format":"standard","meta":{"_crdt_document":"","_monsterinsights_skip_tracking":false,"_monsterinsights_sitenote_active":false,"_monsterinsights_sitenote_note":"","_monsterinsights_sitenote_category":0,"_jetpack_memberships_contains_paid_content":false,"footnotes":""},"categories":[3,8,7,2],"tags":[],"class_list":["post-24594","post","type-post","status-publish","format-standard","has-post-thumbnail","hentry","category-deportivas","category-internacional","category-nacional","category-regionales"],"jetpack_featured_media_url":"https:\/\/radiotemuco.com\/home\/wp-content\/uploads\/2025\/10\/WhatsApp-Image-2025-10-19-at-17.53.12.jpeg","jetpack_sharing_enabled":true,"_links":{"self":[{"href":"https:\/\/radiotemuco.com\/home\/wp-json\/wp\/v2\/posts\/24594","targetHints":{"allow":["GET"]}}],"collection":[{"href":"https:\/\/radiotemuco.com\/home\/wp-json\/wp\/v2\/posts"}],"about":[{"href":"https:\/\/radiotemuco.com\/home\/wp-json\/wp\/v2\/types\/post"}],"author":[{"embeddable":true,"href":"https:\/\/radiotemuco.com\/home\/wp-json\/wp\/v2\/users\/2"}],"replies":[{"embeddable":true,"href":"https:\/\/radiotemuco.com\/home\/wp-json\/wp\/v2\/comments?post=24594"}],"version-history":[{"count":1,"href":"https:\/\/radiotemuco.com\/home\/wp-json\/wp\/v2\/posts\/24594\/revisions"}],"predecessor-version":[{"id":24596,"href":"https:\/\/radiotemuco.com\/home\/wp-json\/wp\/v2\/posts\/24594\/revisions\/24596"}],"wp:featuredmedia":[{"embeddable":true,"href":"https:\/\/radiotemuco.com\/home\/wp-json\/wp\/v2\/media\/24595"}],"wp:attachment":[{"href":"https:\/\/radiotemuco.com\/home\/wp-json\/wp\/v2\/media?parent=24594"}],"wp:term":[{"taxonomy":"category","embeddable":true,"href":"https:\/\/radiotemuco.com\/home\/wp-json\/wp\/v2\/categories?post=24594"},{"taxonomy":"post_tag","embeddable":true,"href":"https:\/\/radiotemuco.com\/home\/wp-json\/wp\/v2\/tags?post=24594"}],"curies":[{"name":"wp","href":"https:\/\/api.w.org\/{rel}","templated":true}]}}