{"id":24585,"date":"2025-10-17T09:58:38","date_gmt":"2025-10-17T09:58:38","guid":{"rendered":"https:\/\/radiotemuco.com\/home\/?p=24585"},"modified":"2025-10-17T09:58:38","modified_gmt":"2025-10-17T09:58:38","slug":"mop-invita-a-participar-en-el-concurso-junior-del-agua-2025-dirigido-a-estudiantes-de-ensenanza-media","status":"publish","type":"post","link":"https:\/\/radiotemuco.com\/home\/mop-invita-a-participar-en-el-concurso-junior-del-agua-2025-dirigido-a-estudiantes-de-ensenanza-media\/","title":{"rendered":"MOP invita a participar en el concurso \u201cJunior del Agua 2025\u201d dirigido a estudiantes de ense\u00f1anza media"},"content":{"rendered":"<p>El 31 de diciembre finaliza el plazo para presentar proyectos al concurso Junior del Agua que organiza el Direcci\u00f3n General de Aguas del Ministerio de Obras P\u00fablicas junto a agrupaciones que son parte del Comit\u00e9 Nacional para el Programa Hidrol\u00f3gico Intergubernamental UNESCO-Chile.<\/p>\n<p>El certamen est\u00e1 dirigido a estudiantes entre 15 y 19 a\u00f1os que presenten proyectos de investigaci\u00f3n cient\u00edfica, tecnol\u00f3gica o de car\u00e1cter social, cuyo tema central sea el recurso h\u00eddrico y con resultados concretos. Los trabajos se recibir\u00e1n hasta el 31 de diciembre y la premiaci\u00f3n ser\u00e1 en marzo de 2026, para luego en agosto, representar a Chile en Estocolmo, Suecia.<\/p>\n<p>Cada investigaci\u00f3n puede estar conformada por un m\u00e1ximo de 2 estudiantes regulares que a septiembre del 2025 tengan entre 15 y 19 a\u00f1os, y contar con un profesor(a) gu\u00eda y asesor(a) externo(a). No obstante, el viaje a Suecia est\u00e1 contemplado para 2 estudiantes y el profesor gu\u00eda, debiendo participar en las actividades que establezca la organizaci\u00f3n del evento. Las bases del concurso est\u00e1n disponibles en <a href=\"https:\/\/snia.mop.gob.cl\/concurso-junior-agua\/concurso-junior-agua\/convocatorias\">https:\/\/snia.mop.gob.cl\/concurso-junior-agua\/concurso-junior-agua\/convocatorias<\/a>.<\/p>\n<p>El jurado evaluar\u00e1 los proyectos para definir tres iniciativas que los estudiantes deber\u00e1n presentar ante un jurado en marzo de 2026 en Santiago, y escoger el proyecto que representar\u00e1 al pa\u00eds en el \u201cStockholm Junior Water Prize\u201d\u00a0en agosto de ese a\u00f1o en Suecia<strong>. <\/strong><\/p>\n<p>Los premios que otorga el \u201cStockholm Junior Water Prize\u201d son US$15.000 y una escultura de cristal para el primer lugar, US$3.000 para el premio de excelencia y US$5.000 para el establecimiento educacional del cual provienen los j\u00f3venes que resulten ganadores.<\/p>\n<p>El Stockholm International Water Institute desarrolla el concurso desde 1995 y Chile ha obtenido el primer lugar con estudiantes de Santiago y premios a la excelencia con representantes de Coquimbo y Magallanes.<\/p>\n<p>En la versi\u00f3n internacional 2025, las estudiantes del Liceo N\u00ba1 de Ni\u00f1as \u201cJaviera Carrera\u201d de Santiago,\u00a0Josefa Palma y Viviana Pazmino, representaron a Chile con el proyecto \u201cBiorremediaci\u00f3n de contaminantes emergentes presentes en aguas residuales mediante bacterias ant\u00e1rticas degradadoras de ampicilina\u201d. Su profesora gu\u00eda, Roxana Nahuelcura, las acompa\u00f1\u00f3 en el viaje.<\/p>\n<p>El domingo 24 de agosto en Estocolmo expusieron ante un jurado el estudio de una nueva especie de bacteria ant\u00e1rtica llamada Pseudonomas violetae, en honor de la artista nacional Violeta Parra. Esta bacteria fue aislada e identificada desde muestras de tierra tomadas del glaciar Uni\u00f3n en la Ant\u00e1rtica en el Laboratorio de Nanotecnolog\u00eda de la Universidad Andr\u00e9s Bello, que actu\u00f3 como asesor externo. Esta cepa se caracteriza por pertenecer al g\u00e9nero Pseudonomas, ser un bacilo Gram-negativo y tener un rango de temperatura de crecimiento entre 0\u00b0 y 30\u00b0 C.<\/p>\n<p>Evaluada su resistencia en un medio con ampicilina y su capacidad para degradarla, \u00e9sta respondi\u00f3 favorablemente y se propuso el uso de la bacteria como un m\u00e9todo factible para combatir la creciente contaminaci\u00f3n de antibi\u00f3ticos en las aguas residuales.<\/p>\n<p>Si bien la Josefa y Viviana no ganaron el certamen internacional, valoraron su participaci\u00f3n y la catalogaron como una experiencia enriquecedora. \u201cTuvimos la oportunidad de compartir el proyecto con personas de otras culturas y aprender de ellas, de recibir retroalimentaci\u00f3n de expertos para ir mejorando cada vez m\u00e1s\u201d, comentaron las j\u00f3venes.<\/p>\n<p>Destacaron el concurso como una instancia para que m\u00e1s estudiantes se motiven a participar en la ciencia y la innovaci\u00f3n, y la posibilidad de conocer una diversidad de proyectos con soluciones interesantes, ampliando as\u00ed sus perspectivas de investigaci\u00f3n.<\/p>\n<p>A su vez, la profesora Nahuelcura resalt\u00f3 el profesionalismo de las estudiantes para preparar cada detalle de su presentaci\u00f3n en el evento. \u201cSin duda que su desempe\u00f1o las posicion\u00f3 entre las delegaciones, participaron con entusiasmo en las actividades programadas por la organizaci\u00f3n y compartieron con el embajador de Chile en Suecia, quien hizo buenas observaciones con respecto al trabajo\u201d.<\/p>\n","protected":false},"excerpt":{"rendered":"<p>El 31 de diciembre finaliza el plazo para presentar proyectos al concurso Junior del Agua que organiza el Direcci\u00f3n General de Aguas del Ministerio de Obras P\u00fablicas junto a agrupaciones que son parte del Comit\u00e9 Nacional para el Programa Hidrol\u00f3gico Intergubernamental UNESCO-Chile. El certamen est\u00e1 dirigido a estudiantes entre 15 y 19 a\u00f1os que presenten proyectos de investigaci\u00f3n cient\u00edfica, tecnol\u00f3gica o de car\u00e1cter social, cuyo tema central sea el recurso h\u00eddrico y con resultados concretos. Los trabajos se recibir\u00e1n hasta el 31 de diciembre y la premiaci\u00f3n ser\u00e1 en marzo de 2026, para luego en agosto, representar a Chile en Estocolmo, [&hellip;]<\/p>\n","protected":false},"author":2,"featured_media":24586,"comment_status":"closed","ping_status":"open","sticky":false,"template":"","format":"standard","meta":{"_crdt_document":"","_monsterinsights_skip_tracking":false,"_monsterinsights_sitenote_active":false,"_monsterinsights_sitenote_note":"","_monsterinsights_sitenote_category":0,"_jetpack_memberships_contains_paid_content":false,"footnotes":""},"categories":[8,7,2],"tags":[],"class_list":["post-24585","post","type-post","status-publish","format-standard","has-post-thumbnail","hentry","category-internacional","category-nacional","category-regionales"],"jetpack_featured_media_url":"https:\/\/radiotemuco.com\/home\/wp-content\/uploads\/2025\/10\/Estudiantes-Liceo-N\u00b0-1-de-Ninas-de-Santiago-en-Junior-del-Agua-en-Estocolmo.jpeg","jetpack_sharing_enabled":true,"_links":{"self":[{"href":"https:\/\/radiotemuco.com\/home\/wp-json\/wp\/v2\/posts\/24585","targetHints":{"allow":["GET"]}}],"collection":[{"href":"https:\/\/radiotemuco.com\/home\/wp-json\/wp\/v2\/posts"}],"about":[{"href":"https:\/\/radiotemuco.com\/home\/wp-json\/wp\/v2\/types\/post"}],"author":[{"embeddable":true,"href":"https:\/\/radiotemuco.com\/home\/wp-json\/wp\/v2\/users\/2"}],"replies":[{"embeddable":true,"href":"https:\/\/radiotemuco.com\/home\/wp-json\/wp\/v2\/comments?post=24585"}],"version-history":[{"count":1,"href":"https:\/\/radiotemuco.com\/home\/wp-json\/wp\/v2\/posts\/24585\/revisions"}],"predecessor-version":[{"id":24587,"href":"https:\/\/radiotemuco.com\/home\/wp-json\/wp\/v2\/posts\/24585\/revisions\/24587"}],"wp:featuredmedia":[{"embeddable":true,"href":"https:\/\/radiotemuco.com\/home\/wp-json\/wp\/v2\/media\/24586"}],"wp:attachment":[{"href":"https:\/\/radiotemuco.com\/home\/wp-json\/wp\/v2\/media?parent=24585"}],"wp:term":[{"taxonomy":"category","embeddable":true,"href":"https:\/\/radiotemuco.com\/home\/wp-json\/wp\/v2\/categories?post=24585"},{"taxonomy":"post_tag","embeddable":true,"href":"https:\/\/radiotemuco.com\/home\/wp-json\/wp\/v2\/tags?post=24585"}],"curies":[{"name":"wp","href":"https:\/\/api.w.org\/{rel}","templated":true}]}}