{"id":24579,"date":"2025-10-17T09:52:23","date_gmt":"2025-10-17T09:52:23","guid":{"rendered":"https:\/\/radiotemuco.com\/home\/?p=24579"},"modified":"2025-10-17T09:52:23","modified_gmt":"2025-10-17T09:52:23","slug":"pdi-temuco-realiza-fiscalizacion-a-extranjeros","status":"publish","type":"post","link":"https:\/\/radiotemuco.com\/home\/pdi-temuco-realiza-fiscalizacion-a-extranjeros\/","title":{"rendered":"PDI Temuco realiza fiscalizaci\u00f3n a extranjeros"},"content":{"rendered":"<p>Detectives del Departamento de Migraciones y Polic\u00eda Internacional Temuco, DEMIG, en cumplimiento a los objetivos estrat\u00e9gicos de la Polic\u00eda de Investigaciones de Chile, vinculados a la seguridad ciudadana, y enmarcados en la fiscalizaci\u00f3n, control y denuncia de extranjeros en situaci\u00f3n irregular en nuestro pa\u00eds, amparados en la Ley 21.325 de Migraci\u00f3n y Extranjer\u00eda, realizaron durante este martes, un control de ciudadanos extranjeros en el sector c\u00e9ntrico de la capital regional.<\/p>\n<p>En la fiscalizaci\u00f3n se control\u00f3 a 10 personas, correspondientes a nacionalidades colombiana, venezolana y dominicana, denunciando un total de tres de \u00e9stos al organismo respectivo, debido a que se hallaban en situaci\u00f3n migratoria irregular en nuestro pa\u00eds, y cuya falta administrativa se enmarc\u00f3 en ingresar a territorio nacional por pasos no habilitados<\/p>\n<p>Adem\u00e1s, se logr\u00f3 ubicar y notificar de medidas de expulsi\u00f3n administrativas a tres ciudadanos venezolanos y un colombiano, inform\u00e1ndole de los plazos legales que dicho acto implica.<\/p>\n<p>Con este procedimiento policial se da respuesta efectiva a las facultades institucionales en materias de migraci\u00f3n, consignadas en nuestra legislaci\u00f3n vigente, espec\u00edficamente con la ubicaci\u00f3n, control y denuncia efectuada a extranjeros que permanezcan en nuestro pa\u00eds de manera ilegal, fortaleciendo de esta forma el rol de la PDI en el \u00e1rea de migraciones frente a los desaf\u00edos regionales y globales, dando eficaz cumplimiento a las metas institucionales propuestas para este a\u00f1o.<\/p>\n","protected":false},"excerpt":{"rendered":"<p>Detectives del Departamento de Migraciones y Polic\u00eda Internacional Temuco, DEMIG, en cumplimiento a los objetivos estrat\u00e9gicos de la Polic\u00eda de Investigaciones de Chile, vinculados a la seguridad ciudadana, y enmarcados en la fiscalizaci\u00f3n, control y denuncia de extranjeros en situaci\u00f3n irregular en nuestro pa\u00eds, amparados en la Ley 21.325 de Migraci\u00f3n y Extranjer\u00eda, realizaron durante este martes, un control de ciudadanos extranjeros en el sector c\u00e9ntrico de la capital regional. En la fiscalizaci\u00f3n se control\u00f3 a 10 personas, correspondientes a nacionalidades colombiana, venezolana y dominicana, denunciando un total de tres de \u00e9stos al organismo respectivo, debido a que se hallaban en [&hellip;]<\/p>\n","protected":false},"author":2,"featured_media":24580,"comment_status":"closed","ping_status":"open","sticky":false,"template":"","format":"standard","meta":{"_crdt_document":"","_monsterinsights_skip_tracking":false,"_monsterinsights_sitenote_active":false,"_monsterinsights_sitenote_note":"","_monsterinsights_sitenote_category":0,"_jetpack_memberships_contains_paid_content":false,"footnotes":""},"categories":[8,7,2],"tags":[],"class_list":["post-24579","post","type-post","status-publish","format-standard","has-post-thumbnail","hentry","category-internacional","category-nacional","category-regionales"],"jetpack_featured_media_url":"https:\/\/radiotemuco.com\/home\/wp-content\/uploads\/2025\/10\/WhatsApp-Image-2025-10-16-at-17.17.08.jpeg","jetpack_sharing_enabled":true,"_links":{"self":[{"href":"https:\/\/radiotemuco.com\/home\/wp-json\/wp\/v2\/posts\/24579","targetHints":{"allow":["GET"]}}],"collection":[{"href":"https:\/\/radiotemuco.com\/home\/wp-json\/wp\/v2\/posts"}],"about":[{"href":"https:\/\/radiotemuco.com\/home\/wp-json\/wp\/v2\/types\/post"}],"author":[{"embeddable":true,"href":"https:\/\/radiotemuco.com\/home\/wp-json\/wp\/v2\/users\/2"}],"replies":[{"embeddable":true,"href":"https:\/\/radiotemuco.com\/home\/wp-json\/wp\/v2\/comments?post=24579"}],"version-history":[{"count":1,"href":"https:\/\/radiotemuco.com\/home\/wp-json\/wp\/v2\/posts\/24579\/revisions"}],"predecessor-version":[{"id":24581,"href":"https:\/\/radiotemuco.com\/home\/wp-json\/wp\/v2\/posts\/24579\/revisions\/24581"}],"wp:featuredmedia":[{"embeddable":true,"href":"https:\/\/radiotemuco.com\/home\/wp-json\/wp\/v2\/media\/24580"}],"wp:attachment":[{"href":"https:\/\/radiotemuco.com\/home\/wp-json\/wp\/v2\/media?parent=24579"}],"wp:term":[{"taxonomy":"category","embeddable":true,"href":"https:\/\/radiotemuco.com\/home\/wp-json\/wp\/v2\/categories?post=24579"},{"taxonomy":"post_tag","embeddable":true,"href":"https:\/\/radiotemuco.com\/home\/wp-json\/wp\/v2\/tags?post=24579"}],"curies":[{"name":"wp","href":"https:\/\/api.w.org\/{rel}","templated":true}]}}