{"id":24576,"date":"2025-10-17T09:48:37","date_gmt":"2025-10-17T09:48:37","guid":{"rendered":"https:\/\/radiotemuco.com\/home\/?p=24576"},"modified":"2025-10-17T09:48:37","modified_gmt":"2025-10-17T09:48:37","slug":"atencion-este-21-de-octubre-se-realiza-feria-laboral-del-sence-en-temuco","status":"publish","type":"post","link":"https:\/\/radiotemuco.com\/home\/atencion-este-21-de-octubre-se-realiza-feria-laboral-del-sence-en-temuco\/","title":{"rendered":"\u00a1Atenci\u00f3n! este 21 de octubre se realiza &#8220;Feria Laboral&#8221; del Sence en Temuco"},"content":{"rendered":"<div>Este martes 21 de octubre, en Temuco se realizar\u00e1 la Feria Laboral #HayVacantes, organizada por el Servicio Nacional de Capacitaci\u00f3n y Empleo (SENCE). La actividad se desarrollar\u00e1 de 10:00 a 15:00 horas en el Centro de Convenciones del Hotel Frontera, ubicado en Bulnes 726 de la capital regional, en una actividad gratuita y abierta a toda la comunidad.<\/div>\n<div><\/div>\n<div>As\u00ed lo informaron el director regional (S) de SENCE, Erick Arcos, y el Seremi del Trabajo y Previsi\u00f3n Social, Edison Sanhueza, quienes invitaron a las personas a participar y destacaron que la instancia busca vincular directamente a personas que buscan empleo con las empresas que requieren contratar en la regi\u00f3n.<\/div>\n<div><\/div>\n<div>\u201cInvitamos a la comunidad a participar en esta feria laboral, un evento completamente gratuito, dirigido a todas las personas que buscan nuevas oportunidades laborales. Durante la jornada, podr\u00e1n acceder a ofertas en diferentes sectores econ\u00f3micos y en diversos cargos, con la posibilidad de postular directamente a varias empresas en una sola jornada y en un solo lugar\u201d, se\u00f1al\u00f3 Erick Arcos.<\/div>\n<div><\/div>\n<div>Por su parte, Edison Sanhueza agreg\u00f3 que \u201cesta feria es parte de las acciones permanentes que desarrollamos como Gobierno y como Ministerio del Trabajo a lo largo de la regi\u00f3n. A trav\u00e9s del SENCE, articulamos esfuerzos para fortalecer la intermediaci\u00f3n laboral y facilitar la generaci\u00f3n de empleos formales que permitan mejorar la calidad de vida de miles de familias de La Araucan\u00eda\u201d.<\/div>\n<div><\/div>\n<div>La feria contar\u00e1 con una serie de stands de empresas que ofrecer\u00e1n oportunidades laborales vigentes para quienes deseen postular. Adem\u00e1s, estar\u00e1n presentes servicios p\u00fablicos y entidades educativas que brindar\u00e1n orientaci\u00f3n e informaci\u00f3n a las personas asistentes. Asimismo, se adelant\u00f3 que la feria incluir\u00e1 un espacio inclusivo para personas con discapacidad, servicio de primeros auxilios y \u00e1reas destinadas a la orientaci\u00f3n y capacitaci\u00f3n laboral.<\/div>\n","protected":false},"excerpt":{"rendered":"<p>Este martes 21 de octubre, en Temuco se realizar\u00e1 la Feria Laboral #HayVacantes, organizada por el Servicio Nacional de Capacitaci\u00f3n y Empleo (SENCE). La actividad se desarrollar\u00e1 de 10:00 a 15:00 horas en el Centro de Convenciones del Hotel Frontera, ubicado en Bulnes 726 de la capital regional, en una actividad gratuita y abierta a toda la comunidad. As\u00ed lo informaron el director regional (S) de SENCE, Erick Arcos, y el Seremi del Trabajo y Previsi\u00f3n Social, Edison Sanhueza, quienes invitaron a las personas a participar y destacaron que la instancia busca vincular directamente a personas que buscan empleo con las [&hellip;]<\/p>\n","protected":false},"author":2,"featured_media":24577,"comment_status":"closed","ping_status":"open","sticky":false,"template":"","format":"standard","meta":{"_crdt_document":"","_monsterinsights_skip_tracking":false,"_monsterinsights_sitenote_active":false,"_monsterinsights_sitenote_note":"","_monsterinsights_sitenote_category":0,"_jetpack_memberships_contains_paid_content":false,"footnotes":""},"categories":[8,7,2],"tags":[],"class_list":["post-24576","post","type-post","status-publish","format-standard","has-post-thumbnail","hentry","category-internacional","category-nacional","category-regionales"],"jetpack_featured_media_url":"https:\/\/radiotemuco.com\/home\/wp-content\/uploads\/2025\/10\/WhatsApp-Image-2025-10-16-at-10.15.52.jpeg","jetpack_sharing_enabled":true,"_links":{"self":[{"href":"https:\/\/radiotemuco.com\/home\/wp-json\/wp\/v2\/posts\/24576","targetHints":{"allow":["GET"]}}],"collection":[{"href":"https:\/\/radiotemuco.com\/home\/wp-json\/wp\/v2\/posts"}],"about":[{"href":"https:\/\/radiotemuco.com\/home\/wp-json\/wp\/v2\/types\/post"}],"author":[{"embeddable":true,"href":"https:\/\/radiotemuco.com\/home\/wp-json\/wp\/v2\/users\/2"}],"replies":[{"embeddable":true,"href":"https:\/\/radiotemuco.com\/home\/wp-json\/wp\/v2\/comments?post=24576"}],"version-history":[{"count":1,"href":"https:\/\/radiotemuco.com\/home\/wp-json\/wp\/v2\/posts\/24576\/revisions"}],"predecessor-version":[{"id":24578,"href":"https:\/\/radiotemuco.com\/home\/wp-json\/wp\/v2\/posts\/24576\/revisions\/24578"}],"wp:featuredmedia":[{"embeddable":true,"href":"https:\/\/radiotemuco.com\/home\/wp-json\/wp\/v2\/media\/24577"}],"wp:attachment":[{"href":"https:\/\/radiotemuco.com\/home\/wp-json\/wp\/v2\/media?parent=24576"}],"wp:term":[{"taxonomy":"category","embeddable":true,"href":"https:\/\/radiotemuco.com\/home\/wp-json\/wp\/v2\/categories?post=24576"},{"taxonomy":"post_tag","embeddable":true,"href":"https:\/\/radiotemuco.com\/home\/wp-json\/wp\/v2\/tags?post=24576"}],"curies":[{"name":"wp","href":"https:\/\/api.w.org\/{rel}","templated":true}]}}