{"id":24554,"date":"2025-10-15T15:08:42","date_gmt":"2025-10-15T15:08:42","guid":{"rendered":"https:\/\/radiotemuco.com\/home\/?p=24554"},"modified":"2025-10-15T15:08:42","modified_gmt":"2025-10-15T15:08:42","slug":"cchc-araucania-celebro-su-cuenta-anual-proyectando-los-desafios-que-marcaran-su-gestion-2026","status":"publish","type":"post","link":"https:\/\/radiotemuco.com\/home\/cchc-araucania-celebro-su-cuenta-anual-proyectando-los-desafios-que-marcaran-su-gestion-2026\/","title":{"rendered":"CChC Araucan\u00eda celebr\u00f3 su Cuenta Anual proyectando los desaf\u00edos que marcar\u00e1n su gesti\u00f3n 2026"},"content":{"rendered":"<p>Durante la jornada el presidente regional CChC, <strong>Lorenzo Dubois<\/strong>, present\u00f3 un balance del primer a\u00f1o de gesti\u00f3n, destacando el trabajo colaborativo en torno a <strong>proyectos emblem\u00e1ticos, avances en productividad, seguridad laboral y desarrollo regional<\/strong>.<\/p>\n<p>De esta forma, reafirm\u00f3 el compromiso del gremio con impulsar la inversi\u00f3n, la innovaci\u00f3n y el bienestar de las personas que dan vida a la industria.<\/p>\n<p>\u201cNos encaminamos a nuestro segundo y \u00faltimo a\u00f1o de gesti\u00f3n con una agenda clara y propositiva\u201d, se\u00f1al\u00f3 <strong>Dubois<\/strong>. \u201cSeguiremos impulsando proyectos que aporten al desarrollo urbano y habitacional de la regi\u00f3n, fortaleciendo alianzas con el sector p\u00fablico y privado, y poniendo siempre en el centro a las personas y su calidad de vida. Queremos una Araucan\u00eda que crezca con equilibrio, sostenibilidad y oportunidades para todos.\u201d<\/p>\n<p><strong>Eduardo Abdala, delegado presidencial de la regi\u00f3n<\/strong>, valor\u00f3 el aporte de la industria, subrayando que: \u201cla C\u00e1mara fue el primer gremio que desarroll\u00f3 un modelo de vinculaci\u00f3n temprana con las comunidades mapuches, para poder llevar adelante las obras p\u00fablicas, as\u00ed es que estamos muy contentos y esperamos como gobierno seguir colaborando para efectos de engrandecer en conjunto nuestra regi\u00f3n de La Araucan\u00eda\u201d.<\/p>\n<p>El <strong>presidente nacional de la CChC, Alfredo Echavarr\u00eda<\/strong>, felicit\u00f3 a la C\u00e1mara regional, destacando la capacidad de articular di\u00e1logo p\u00fablico-privado y el esp\u00edritu colaborativo. \u201cMuy sorprendido por la cantidad de autoridades presentes, eso da cuenta del gran trabajo y aporte que hace el gremio\u201d.<\/p>\n<p>Adem\u00e1s, Echavarr\u00eda enfatiz\u00f3 en que \u201cChile pasa por momentos complicados y esta regi\u00f3n particularmente est\u00e1 m\u00e1s afectada en muchos aspectos que el resto del pa\u00eds. La \u00fanica forma de resolverlo es junt\u00e1ndonos todos los chilenos, nuestro sector y las autoridades, relacionarnos, entender los problemas comunes y buscar las soluciones para generar acuerdos\u201d.<\/p>\n<p>Finalmente, el <strong>director nacional de la C\u00e1mara, Fernando Daettwyler<\/strong>, detall\u00f3 parte de los desaf\u00edos que seguir\u00e1 potenciando el gremio en La Araucan\u00eda. \u201cA trav\u00e9s de nuestro Consejo Social, seguiremos empujando las iniciativas que est\u00e9n relacionadas con la atenci\u00f3n social, salud y la formaci\u00f3n de nuestros trabajadores y sus familias, sumando m\u00e1s empresas socias para que puedan ejercer su rol social\u201d.<\/p>\n<p><strong>Reconocimientos a la trayectoria y aporte gremial<\/strong><\/p>\n<p>Durante la ceremonia se destac\u00f3 la <strong>trayectoria gremial<\/strong> de <strong>Sergio Yakovleff Paz<\/strong>, en reconocimiento a sus m\u00e1s de 30 a\u00f1os de compromiso con el sector. Asimismo, el premio <strong>\u201cJuan Pablo Pe\u00f1a Puig\u201d<\/strong> al socio destacado del a\u00f1o recay\u00f3 en <strong>Roberto Mansilla Vera, <\/strong>en m\u00e9rito a su compromiso, y por representar el esp\u00edritu gremial que inspira a quienes forman parte de la C\u00e1mara Chilena de la Construcci\u00f3n.<\/p>\n<p><strong>\u00a0<\/strong>Otro actor relevante del gremio distinguido, fue el gerente regional de la C\u00e1mara, <strong>Javier Olhagaray Pinna<\/strong>, por sus <strong>20 a\u00f1os de trayectoria<\/strong>, liderazgo y dedicaci\u00f3n al servicio del gremio y sus asociados.<\/p>\n<p>La velada culmin\u00f3 con un ambiente de camarader\u00eda y celebraci\u00f3n, reafirmando el prop\u00f3sito del gremio de seguir construyendo juntos una regi\u00f3n m\u00e1s pr\u00f3spera, segura y sostenible.<\/p>\n","protected":false},"excerpt":{"rendered":"<p>Durante la jornada el presidente regional CChC, Lorenzo Dubois, present\u00f3 un balance del primer a\u00f1o de gesti\u00f3n, destacando el trabajo colaborativo en torno a proyectos emblem\u00e1ticos, avances en productividad, seguridad laboral y desarrollo regional. De esta forma, reafirm\u00f3 el compromiso del gremio con impulsar la inversi\u00f3n, la innovaci\u00f3n y el bienestar de las personas que dan vida a la industria. \u201cNos encaminamos a nuestro segundo y \u00faltimo a\u00f1o de gesti\u00f3n con una agenda clara y propositiva\u201d, se\u00f1al\u00f3 Dubois. \u201cSeguiremos impulsando proyectos que aporten al desarrollo urbano y habitacional de la regi\u00f3n, fortaleciendo alianzas con el sector p\u00fablico y privado, y poniendo [&hellip;]<\/p>\n","protected":false},"author":2,"featured_media":24555,"comment_status":"closed","ping_status":"open","sticky":false,"template":"","format":"standard","meta":{"_crdt_document":"","_monsterinsights_skip_tracking":false,"_monsterinsights_sitenote_active":false,"_monsterinsights_sitenote_note":"","_monsterinsights_sitenote_category":0,"_jetpack_memberships_contains_paid_content":false,"footnotes":""},"categories":[8,7,2],"tags":[],"class_list":["post-24554","post","type-post","status-publish","format-standard","has-post-thumbnail","hentry","category-internacional","category-nacional","category-regionales"],"jetpack_featured_media_url":"https:\/\/radiotemuco.com\/home\/wp-content\/uploads\/2025\/10\/Alfredo-Echavarria-presidente-nacional-CChC-scaled.jpg","jetpack_sharing_enabled":true,"_links":{"self":[{"href":"https:\/\/radiotemuco.com\/home\/wp-json\/wp\/v2\/posts\/24554","targetHints":{"allow":["GET"]}}],"collection":[{"href":"https:\/\/radiotemuco.com\/home\/wp-json\/wp\/v2\/posts"}],"about":[{"href":"https:\/\/radiotemuco.com\/home\/wp-json\/wp\/v2\/types\/post"}],"author":[{"embeddable":true,"href":"https:\/\/radiotemuco.com\/home\/wp-json\/wp\/v2\/users\/2"}],"replies":[{"embeddable":true,"href":"https:\/\/radiotemuco.com\/home\/wp-json\/wp\/v2\/comments?post=24554"}],"version-history":[{"count":1,"href":"https:\/\/radiotemuco.com\/home\/wp-json\/wp\/v2\/posts\/24554\/revisions"}],"predecessor-version":[{"id":24556,"href":"https:\/\/radiotemuco.com\/home\/wp-json\/wp\/v2\/posts\/24554\/revisions\/24556"}],"wp:featuredmedia":[{"embeddable":true,"href":"https:\/\/radiotemuco.com\/home\/wp-json\/wp\/v2\/media\/24555"}],"wp:attachment":[{"href":"https:\/\/radiotemuco.com\/home\/wp-json\/wp\/v2\/media?parent=24554"}],"wp:term":[{"taxonomy":"category","embeddable":true,"href":"https:\/\/radiotemuco.com\/home\/wp-json\/wp\/v2\/categories?post=24554"},{"taxonomy":"post_tag","embeddable":true,"href":"https:\/\/radiotemuco.com\/home\/wp-json\/wp\/v2\/tags?post=24554"}],"curies":[{"name":"wp","href":"https:\/\/api.w.org\/{rel}","templated":true}]}}