{"id":24545,"date":"2025-10-14T15:40:05","date_gmt":"2025-10-14T15:40:05","guid":{"rendered":"https:\/\/radiotemuco.com\/home\/?p=24545"},"modified":"2025-10-14T15:40:05","modified_gmt":"2025-10-14T15:40:05","slug":"orgullo-regional-la-araucania-llega-a-la-final-de-el-placer-de-oir-leer-en-ntv","status":"publish","type":"post","link":"https:\/\/radiotemuco.com\/home\/orgullo-regional-la-araucania-llega-a-la-final-de-el-placer-de-oir-leer-en-ntv\/","title":{"rendered":"Orgullo regional: La Araucan\u00eda llega a la final de El Placer de O\u00edr Leer en NTV"},"content":{"rendered":"<p>El <strong>16 de octubre <\/strong>a las <strong>20:00 horas<\/strong>, el mayor concurso de lectura en voz alta de Chile, <strong>El Placer de O\u00edr Leer<\/strong>, llevar\u00e1 su \u00faltima fase a las pantallas de todo el pa\u00eds. Bajo el lema \u201c<strong>Luz, c\u00e1mara\u2026 \u00a1Lectura!\u201d<\/strong>, el certamen realizar\u00e1 su Gran Final Nacional a trav\u00e9s de la se\u00f1al abierta de <strong>NTV<\/strong> \u2014canal cultural familiar de TVN\u2014, donde <strong>diez estudiantes de diversas regiones del pa\u00eds<\/strong> concursar\u00e1n por una <strong>experiencia cultural en Buenos Aires como principal premio.<\/strong><\/p>\n<p><strong>Entre ellos se encuentra Adela Sep\u00falveda, alumna de 4\u00ba b\u00e1sico del Colegio Santa Cruz de Temuco, quien representar\u00e1 la regi\u00f3n de La Araucan\u00eda en la final, leyendo un extracto del cuento \u201cEl microscopio\u201d, de Sa\u00fal Schkolnik.<\/strong><\/p>\n<p>El concurso organizado por <strong>Fundaci\u00f3n Ib\u00e1\u00f1ez Atkinson<\/strong> convoc\u00f3 a miles de alumnos de 3\u00ba a 6\u00ba b\u00e1sico desde Arica hasta Punta Arenas, quienes han superado exitosamente diversas etapas durante el a\u00f1o hasta llegar a la final, comenzando por un proceso de selecci\u00f3n guiado por sus profesores al interior de sus colegios.<\/p>\n<p>En esta \u00faltima fase, los alumnos deber\u00e1n probar su talento lector ante un panel liderado por <strong>Mical Llano<\/strong>, ganadora del primer lugar en 2024, y que adem\u00e1s conforman<strong> Daniela del Valle<\/strong>, gerente general de Fundaci\u00f3n Ib\u00e1\u00f1ez Atkinson; <strong>Mar\u00eda Teresa C\u00e1rdenas<\/strong>, editora de Cultura de El Mercurio, presidenta de Fundaci\u00f3n Arbolee y miembro de la Academia Chilena de la Lengua; <strong>Joaqu\u00edn Zuleta<\/strong>, profesor de Literatura de la Universidad de Los Andes y director del Taller de Verso Cl\u00e1sico; y <strong>Paolo Bortolameolli<\/strong>, director titular nombrado de la Orquesta Filarm\u00f3nica de Santiago y director titular de la Orquesta Sinf\u00f3nica Nacional Juvenil.<\/p>\n<p>\u201cVolvemos a celebrar la lectura a viva voz en Chile con una Gran Final Nacional de El Placer de O\u00edr Leer llena de sorpresas. Los protagonistas son diez estudiantes que con mucho talento, esfuerzo y cari\u00f1o han logrado sortear distintas etapas a lo largo del a\u00f1o, hasta alcanzar este esperado momento. Ellos no solo nos deleitar\u00e1n con sus habilidades t\u00e9cnicas para leer, sino tambi\u00e9n con su capacidad de emocionarnos e invitarnos a imaginar. Ya son ganadores y un orgullo para el pa\u00eds\u201d, comenta Daniela del Valle, gerente general de Fundaci\u00f3n Ib\u00e1\u00f1ez Atkinson.<\/p>\n<p>\u201cChile es un pa\u00eds lector y a los lectores y lectoras nos encanta o\u00edr leer, especialmente si son nuestros ni\u00f1os y j\u00f3venes los que dan voz a las historias. La que todos estamos esperando es la que nos cuenta de estos aventureros y aventureras que recorren Chile para hacer que se escuche fuerte y claro nuestro lema: Luz, c\u00e1mara\u2026 \u00a1Lectura!\u201d, dice Marco Montenegro, encargado nacional del concurso.<\/p>\n<p>La lista completa de finalistas nacionales la conforman Pascal Vargas, de 6\u00ba del Colegio Mar\u00eda de Andacollo de Coquimbo; Salvador Mart\u00ednez, de 3\u00ba del Colegio Bicentenario People Help People de Santo Domingo; Mar\u00eda Alejandra Ramos, de 4\u00ba del Colegio Los Nogales de Puente Alto; Josefa Becerra, de 4\u00ba del Complejo Educacional Las Araucarias de San Fernando; Camilo \u00c1lvarez, de 6\u00ba del Colegio Vichuqu\u00e9n de Curic\u00f3; Emilia Ruiz, de 6\u00ba del Colegio Bicentenario Nueva Esperanza de Yungay; Alessandra de Abreu, de 6\u00ba de la Escuela Helen Keller de Hualp\u00e9n; Adela Sep\u00falveda, de 4\u00ba del Colegio Santa Cruz de Temuco; Leonor Gonz\u00e1lez, de 5\u00ba de la Escuela Altamira de Coyhaique; y Sebasti\u00e1n Alvarado, de 3\u00ba del Colegio Luterano de Punta Arenas.<\/p>\n<p>El Placer de O\u00edr Leer es organizado por Fundaci\u00f3n Ib\u00e1\u00f1ez Atkinson y desde su creaci\u00f3n en 2014 <strong>ha impactado a m\u00e1s de 400 mil ni\u00f1os en todo Chile<\/strong>, estimulando en ellos el amor por los libros, adem\u00e1s de habilidades esenciales para su desarrollo integral, como la autoestima, la comprensi\u00f3n y la creatividad. Cuenta con la colaboraci\u00f3n de NTV y la Pontificia Universidad Cat\u00f3lica de Chile, a trav\u00e9s de sus facultades de Educaci\u00f3n y de Letras y su Biblioteca Escolar Futuro, adem\u00e1s del auspicio de Fundaci\u00f3n SM, IBBY Chile y Fundaci\u00f3n Palabra.<\/p>\n<p>&nbsp;<\/p>\n","protected":false},"excerpt":{"rendered":"<p>El 16 de octubre a las 20:00 horas, el mayor concurso de lectura en voz alta de Chile, El Placer de O\u00edr Leer, llevar\u00e1 su \u00faltima fase a las pantallas de todo el pa\u00eds. Bajo el lema \u201cLuz, c\u00e1mara\u2026 \u00a1Lectura!\u201d, el certamen realizar\u00e1 su Gran Final Nacional a trav\u00e9s de la se\u00f1al abierta de NTV \u2014canal cultural familiar de TVN\u2014, donde diez estudiantes de diversas regiones del pa\u00eds concursar\u00e1n por una experiencia cultural en Buenos Aires como principal premio. Entre ellos se encuentra Adela Sep\u00falveda, alumna de 4\u00ba b\u00e1sico del Colegio Santa Cruz de Temuco, quien representar\u00e1 la regi\u00f3n de La [&hellip;]<\/p>\n","protected":false},"author":2,"featured_media":24546,"comment_status":"closed","ping_status":"open","sticky":false,"template":"","format":"standard","meta":{"_crdt_document":"","_monsterinsights_skip_tracking":false,"_monsterinsights_sitenote_active":false,"_monsterinsights_sitenote_note":"","_monsterinsights_sitenote_category":0,"_jetpack_memberships_contains_paid_content":false,"footnotes":""},"categories":[8,7,2],"tags":[],"class_list":["post-24545","post","type-post","status-publish","format-standard","has-post-thumbnail","hentry","category-internacional","category-nacional","category-regionales"],"jetpack_featured_media_url":"https:\/\/radiotemuco.com\/home\/wp-content\/uploads\/2025\/10\/Captura-de-pantalla-2025-10-14-a-las-12.37.22.png","jetpack_sharing_enabled":true,"_links":{"self":[{"href":"https:\/\/radiotemuco.com\/home\/wp-json\/wp\/v2\/posts\/24545","targetHints":{"allow":["GET"]}}],"collection":[{"href":"https:\/\/radiotemuco.com\/home\/wp-json\/wp\/v2\/posts"}],"about":[{"href":"https:\/\/radiotemuco.com\/home\/wp-json\/wp\/v2\/types\/post"}],"author":[{"embeddable":true,"href":"https:\/\/radiotemuco.com\/home\/wp-json\/wp\/v2\/users\/2"}],"replies":[{"embeddable":true,"href":"https:\/\/radiotemuco.com\/home\/wp-json\/wp\/v2\/comments?post=24545"}],"version-history":[{"count":1,"href":"https:\/\/radiotemuco.com\/home\/wp-json\/wp\/v2\/posts\/24545\/revisions"}],"predecessor-version":[{"id":24547,"href":"https:\/\/radiotemuco.com\/home\/wp-json\/wp\/v2\/posts\/24545\/revisions\/24547"}],"wp:featuredmedia":[{"embeddable":true,"href":"https:\/\/radiotemuco.com\/home\/wp-json\/wp\/v2\/media\/24546"}],"wp:attachment":[{"href":"https:\/\/radiotemuco.com\/home\/wp-json\/wp\/v2\/media?parent=24545"}],"wp:term":[{"taxonomy":"category","embeddable":true,"href":"https:\/\/radiotemuco.com\/home\/wp-json\/wp\/v2\/categories?post=24545"},{"taxonomy":"post_tag","embeddable":true,"href":"https:\/\/radiotemuco.com\/home\/wp-json\/wp\/v2\/tags?post=24545"}],"curies":[{"name":"wp","href":"https:\/\/api.w.org\/{rel}","templated":true}]}}