{"id":24536,"date":"2025-10-14T15:28:20","date_gmt":"2025-10-14T15:28:20","guid":{"rendered":"https:\/\/radiotemuco.com\/home\/?p=24536"},"modified":"2025-10-14T15:28:20","modified_gmt":"2025-10-14T15:28:20","slug":"conadi-realizara-por-primera-vez-talleres-de-oficios-tradicionales-en-carceles-de-imperial-angol-y-temuco","status":"publish","type":"post","link":"https:\/\/radiotemuco.com\/home\/conadi-realizara-por-primera-vez-talleres-de-oficios-tradicionales-en-carceles-de-imperial-angol-y-temuco\/","title":{"rendered":"Conadi realizar\u00e1 por primera vez talleres de oficios tradicionales en c\u00e1rceles de Imperial, Angol y Temuco"},"content":{"rendered":"<p><span lang=\"ES\">La actividad corresponde al hito de inicio del proyecto denominado \u201c<\/span><a name=\"m_3695358365807747969__Hlk196749270\"><\/a><span lang=\"ES-TRAD\">Formaci\u00f3n y Capacitaci\u00f3n de Oficios Tradicionales Mapuche en establecimientos penitenciarios de la Regi\u00f3n de la Araucan\u00eda<\/span>, a\u00f1o 2025<span lang=\"ES\">\u201d, del programa de\u00a0<\/span><span lang=\"ES-TRAD\">Subsidio para la Formaci\u00f3n de Personas Ind\u00edgenas<\/span><span lang=\"ES\">, de la Unidad de Cultura y Educaci\u00f3n de la Subdirecci\u00f3n Nacional Temuco, de la Corporaci\u00f3n Nacional de Desarrollo Ind\u00edgena (CONADI).<\/span><\/p>\n<p><span lang=\"ES\">El objetivo de la iniciativa es<\/span><span lang=\"ES-TRAD\">\u00a0coordinar y ejecutar cursos de Capacitaci\u00f3n\u00a0<\/span>en Oficios Tradicionales Mapuche para personas privadas de libertad en centros de cumplimiento penitenciario en las comunas de Angol, Imperial y Temuco, a trav\u00e9s de la profundizaci\u00f3n y mejoramiento de t\u00e9cnicas y conocimientos tradicionales de telar mapuche \u201cWitxal\u201d y en madera mapuche \u201cMam\u00fcll\u201d, con acento en la cosmovisi\u00f3n y la pr\u00e1ctica del Mapuzugun como una herramienta para su reinserci\u00f3n social.<\/p>\n<p>Gonzalo Pe\u00f1a \u00c1vila, Subdirector Nacional Sur de Conadi, manifest\u00f3 que \u201cnos encontramos en la c\u00e1rcel de Angol, uno de los tres establecimientos penitenciarios donde se desarrollar\u00e1 el proyecto de formaci\u00f3n y capacitaci\u00f3n en empleos tradicionales mapuche, donde el objetivo es aportar tanto en herramientas concretas para el desarrollo econ\u00f3mico de los internos y de sus familias, como en el fortalecimiento de su identidad cultural\u201d.<\/p>\n<p>El Comandante de Gendarmer\u00eda Cesar P\u00e9rez, Jefe de la C\u00e1rcel de Angol, se\u00f1al\u00f3 que \u201cson muy importantes estos cursos impartidos por la Conadi, dimos inicio a las clases donde tendremos la participaci\u00f3n de los internos del m\u00f3dulo mapuche de la c\u00e1rcel de \u00c1ngol\u201d.<\/p>\n<p><span lang=\"ES\">El acto desarrollado representa el inicio formal de la ejecuci\u00f3n del proyecto y busca dar relevancia al proceso de la inserci\u00f3n de talleres de oficios, los cuales, han sido trabajados con los beneficiarios en la elecci\u00f3n de los tem\u00e1ticas y la modalidad de c\u00f3mo ser llevados a cabo, con el objetivo de fortalecer el capital humano de personas ind\u00edgenas que se encuentran en situaci\u00f3n de reclusi\u00f3n, y los cuales poseen necesidades de fortalecer su Kim\u00fcn, que les permita generar adem\u00e1s recursos para aportar a sus n\u00facleos familiares desde su situaci\u00f3n de reclusi\u00f3n.<\/span><\/p>\n","protected":false},"excerpt":{"rendered":"<p>La actividad corresponde al hito de inicio del proyecto denominado \u201cFormaci\u00f3n y Capacitaci\u00f3n de Oficios Tradicionales Mapuche en establecimientos penitenciarios de la Regi\u00f3n de la Araucan\u00eda, a\u00f1o 2025\u201d, del programa de\u00a0Subsidio para la Formaci\u00f3n de Personas Ind\u00edgenas, de la Unidad de Cultura y Educaci\u00f3n de la Subdirecci\u00f3n Nacional Temuco, de la Corporaci\u00f3n Nacional de Desarrollo Ind\u00edgena (CONADI). El objetivo de la iniciativa es\u00a0coordinar y ejecutar cursos de Capacitaci\u00f3n\u00a0en Oficios Tradicionales Mapuche para personas privadas de libertad en centros de cumplimiento penitenciario en las comunas de Angol, Imperial y Temuco, a trav\u00e9s de la profundizaci\u00f3n y mejoramiento de t\u00e9cnicas y conocimientos tradicionales [&hellip;]<\/p>\n","protected":false},"author":2,"featured_media":24537,"comment_status":"closed","ping_status":"open","sticky":false,"template":"","format":"standard","meta":{"_crdt_document":"","_monsterinsights_skip_tracking":false,"_monsterinsights_sitenote_active":false,"_monsterinsights_sitenote_note":"","_monsterinsights_sitenote_category":0,"_jetpack_memberships_contains_paid_content":false,"footnotes":""},"categories":[8,7,2],"tags":[],"class_list":["post-24536","post","type-post","status-publish","format-standard","has-post-thumbnail","hentry","category-internacional","category-nacional","category-regionales"],"jetpack_featured_media_url":"https:\/\/radiotemuco.com\/home\/wp-content\/uploads\/2025\/10\/foto-carcel.jpeg","jetpack_sharing_enabled":true,"_links":{"self":[{"href":"https:\/\/radiotemuco.com\/home\/wp-json\/wp\/v2\/posts\/24536","targetHints":{"allow":["GET"]}}],"collection":[{"href":"https:\/\/radiotemuco.com\/home\/wp-json\/wp\/v2\/posts"}],"about":[{"href":"https:\/\/radiotemuco.com\/home\/wp-json\/wp\/v2\/types\/post"}],"author":[{"embeddable":true,"href":"https:\/\/radiotemuco.com\/home\/wp-json\/wp\/v2\/users\/2"}],"replies":[{"embeddable":true,"href":"https:\/\/radiotemuco.com\/home\/wp-json\/wp\/v2\/comments?post=24536"}],"version-history":[{"count":1,"href":"https:\/\/radiotemuco.com\/home\/wp-json\/wp\/v2\/posts\/24536\/revisions"}],"predecessor-version":[{"id":24538,"href":"https:\/\/radiotemuco.com\/home\/wp-json\/wp\/v2\/posts\/24536\/revisions\/24538"}],"wp:featuredmedia":[{"embeddable":true,"href":"https:\/\/radiotemuco.com\/home\/wp-json\/wp\/v2\/media\/24537"}],"wp:attachment":[{"href":"https:\/\/radiotemuco.com\/home\/wp-json\/wp\/v2\/media?parent=24536"}],"wp:term":[{"taxonomy":"category","embeddable":true,"href":"https:\/\/radiotemuco.com\/home\/wp-json\/wp\/v2\/categories?post=24536"},{"taxonomy":"post_tag","embeddable":true,"href":"https:\/\/radiotemuco.com\/home\/wp-json\/wp\/v2\/tags?post=24536"}],"curies":[{"name":"wp","href":"https:\/\/api.w.org\/{rel}","templated":true}]}}