{"id":24527,"date":"2025-10-12T13:50:52","date_gmt":"2025-10-12T13:50:52","guid":{"rendered":"https:\/\/radiotemuco.com\/home\/?p=24527"},"modified":"2025-10-12T13:50:52","modified_gmt":"2025-10-12T13:50:52","slug":"todo-un-exito-la-presentacion-de-kidd-voodoo-en-temuco","status":"publish","type":"post","link":"https:\/\/radiotemuco.com\/home\/todo-un-exito-la-presentacion-de-kidd-voodoo-en-temuco\/","title":{"rendered":"Todo un \u00e9xito la presentaci\u00f3n de Kidd Voodoo en Temuco"},"content":{"rendered":"<p>El artista se present\u00f3 en la Cancha 2 del Germ\u00e1n Becker a eso de las\u00a0 20:30 horas con un recinto repleto de gente que hab\u00eda llegado en horas de la ma\u00f1ana para ser ingres\u00f3 al parque estadio municipal.<\/p>\n<p>Las puertas se abrieron a las 16:00 horas y ya se notaba la algarab\u00eda y el ambiente familiar para la presentaci\u00f3n del artista chileno que es n\u00famero uno en ventas y en tendencias en nuestro pa\u00eds.<\/p>\n<p>El evento cont\u00f3 con la producci\u00f3n de T.V Producciones y GN Eventos, quienes recalcaron que este concierto buscaba marcar un hito en la agenda cultural y musical de la regi\u00f3n, y que al finalizar qued\u00f3 de manifiesto, dicho que la puesta en escena fue de nivel internacional.<\/p>\n","protected":false},"excerpt":{"rendered":"<p>El artista se present\u00f3 en la Cancha 2 del Germ\u00e1n Becker a eso de las\u00a0 20:30 horas con un recinto repleto de gente que hab\u00eda llegado en horas de la ma\u00f1ana para ser ingres\u00f3 al parque estadio municipal. Las puertas se abrieron a las 16:00 horas y ya se notaba la algarab\u00eda y el ambiente familiar para la presentaci\u00f3n del artista chileno que es n\u00famero uno en ventas y en tendencias en nuestro pa\u00eds. El evento cont\u00f3 con la producci\u00f3n de T.V Producciones y GN Eventos, quienes recalcaron que este concierto buscaba marcar un hito en la agenda cultural y musical [&hellip;]<\/p>\n","protected":false},"author":2,"featured_media":24528,"comment_status":"closed","ping_status":"open","sticky":false,"template":"","format":"standard","meta":{"_crdt_document":"","_monsterinsights_skip_tracking":false,"_monsterinsights_sitenote_active":false,"_monsterinsights_sitenote_note":"","_monsterinsights_sitenote_category":0,"_jetpack_memberships_contains_paid_content":false,"footnotes":""},"categories":[8,7,2],"tags":[],"class_list":["post-24527","post","type-post","status-publish","format-standard","has-post-thumbnail","hentry","category-internacional","category-nacional","category-regionales"],"jetpack_featured_media_url":"https:\/\/radiotemuco.com\/home\/wp-content\/uploads\/2025\/10\/Captura-de-pantalla-2025-10-12-a-las-10.47.13.png","jetpack_sharing_enabled":true,"_links":{"self":[{"href":"https:\/\/radiotemuco.com\/home\/wp-json\/wp\/v2\/posts\/24527","targetHints":{"allow":["GET"]}}],"collection":[{"href":"https:\/\/radiotemuco.com\/home\/wp-json\/wp\/v2\/posts"}],"about":[{"href":"https:\/\/radiotemuco.com\/home\/wp-json\/wp\/v2\/types\/post"}],"author":[{"embeddable":true,"href":"https:\/\/radiotemuco.com\/home\/wp-json\/wp\/v2\/users\/2"}],"replies":[{"embeddable":true,"href":"https:\/\/radiotemuco.com\/home\/wp-json\/wp\/v2\/comments?post=24527"}],"version-history":[{"count":1,"href":"https:\/\/radiotemuco.com\/home\/wp-json\/wp\/v2\/posts\/24527\/revisions"}],"predecessor-version":[{"id":24529,"href":"https:\/\/radiotemuco.com\/home\/wp-json\/wp\/v2\/posts\/24527\/revisions\/24529"}],"wp:featuredmedia":[{"embeddable":true,"href":"https:\/\/radiotemuco.com\/home\/wp-json\/wp\/v2\/media\/24528"}],"wp:attachment":[{"href":"https:\/\/radiotemuco.com\/home\/wp-json\/wp\/v2\/media?parent=24527"}],"wp:term":[{"taxonomy":"category","embeddable":true,"href":"https:\/\/radiotemuco.com\/home\/wp-json\/wp\/v2\/categories?post=24527"},{"taxonomy":"post_tag","embeddable":true,"href":"https:\/\/radiotemuco.com\/home\/wp-json\/wp\/v2\/tags?post=24527"}],"curies":[{"name":"wp","href":"https:\/\/api.w.org\/{rel}","templated":true}]}}