{"id":24505,"date":"2025-10-10T15:50:01","date_gmt":"2025-10-10T15:50:01","guid":{"rendered":"https:\/\/radiotemuco.com\/home\/?p=24505"},"modified":"2025-10-10T15:50:01","modified_gmt":"2025-10-10T15:50:01","slug":"equipo-programatico-y-politico-de-matthei-visita-temuco-y-se-reune-con-la-asociacion-de-victimas-de-la-violencia-rural","status":"publish","type":"post","link":"https:\/\/radiotemuco.com\/home\/equipo-programatico-y-politico-de-matthei-visita-temuco-y-se-reune-con-la-asociacion-de-victimas-de-la-violencia-rural\/","title":{"rendered":"Equipo program\u00e1tico y pol\u00edtico de Matthei visita Temuco y se re\u00fane con la Asociaci\u00f3n de V\u00edctimas de la Violencia Rural"},"content":{"rendered":"<p>Durante la ma\u00f1ana de ayer jueves 9 de octubre, se reuni\u00f3 el equipo program\u00e1tico y pol\u00edtico de Evelyn Matthei, con la Asociaci\u00f3n de V\u00edctimas de la Violencia Rural en la Araucan\u00eda (AVVRU). En la reuni\u00f3n particip\u00f3 el jefe program\u00e1tico, Juan Luis Ossa, uno de los voceros de seguridad y ex general del Ej\u00e9rcito, Miguel Alfonso, el jefe de campa\u00f1a Diego Paulsen, y representantes de AVVRU.<\/p>\n<p>\u201cTuvimos una conversaci\u00f3n muy franca, partici\u00f3 uno de nuestros encargados de seguridad, el ex general del Ej\u00e9rcito, Miguel Alfonso, y en esa conversaci\u00f3n salieron temas que son muy relevantes para los habitantes de la Araucan\u00eda, por ejemplo, que las v\u00edctimas del terrorismos tiene que ser m\u00e1s escuchadas, ayudadas, por el Estado, por la sociedad civil. Estamos seguros que este tipo de conversaciones, le hacen muy bien al pa\u00eds y hacen de la candidatura de Evelyn Matthei, m\u00e1s fuerte para combatir el terosuirmo, narcotr\u00e1fico, y crimen organizado\u201d, dijo Juan Luis Ossa.<\/p>\n<p>Asimismo, Miguel Alfonso dijo que \u201ctenemos un un balance bueno de la reuni\u00f3n ellos est\u00e1n mirando el cambio de mando de administraci\u00f3n, , ellos no tiene color pol\u00edtico pero s\u00ed le entregamos el programa de Matthei con respecto a las v\u00edctimas, y el conflicto mapuche en la Araucan\u00eda\u201d .<\/p>\n<p>Cabe destacar que la visita del equipo program\u00e1tico de Matthei a la regi\u00f3n de la Araucan\u00eda, se suma al despliegue que han tenido alcaldes de Chile Vamos, la vocera de Salud del comando, Paula Daza, a Temuco durante esta semana, donde han realizado diferentes actividades como banderazos, ferias, y reuniones con diferentes asociaciones.<\/p>\n","protected":false},"excerpt":{"rendered":"<p>Durante la ma\u00f1ana de ayer jueves 9 de octubre, se reuni\u00f3 el equipo program\u00e1tico y pol\u00edtico de Evelyn Matthei, con la Asociaci\u00f3n de V\u00edctimas de la Violencia Rural en la Araucan\u00eda (AVVRU). En la reuni\u00f3n particip\u00f3 el jefe program\u00e1tico, Juan Luis Ossa, uno de los voceros de seguridad y ex general del Ej\u00e9rcito, Miguel Alfonso, el jefe de campa\u00f1a Diego Paulsen, y representantes de AVVRU. \u201cTuvimos una conversaci\u00f3n muy franca, partici\u00f3 uno de nuestros encargados de seguridad, el ex general del Ej\u00e9rcito, Miguel Alfonso, y en esa conversaci\u00f3n salieron temas que son muy relevantes para los habitantes de la Araucan\u00eda, por [&hellip;]<\/p>\n","protected":false},"author":2,"featured_media":24506,"comment_status":"closed","ping_status":"open","sticky":false,"template":"","format":"standard","meta":{"_crdt_document":"","_monsterinsights_skip_tracking":false,"_monsterinsights_sitenote_active":false,"_monsterinsights_sitenote_note":"","_monsterinsights_sitenote_category":0,"_jetpack_memberships_contains_paid_content":false,"footnotes":""},"categories":[8,7,2],"tags":[],"class_list":["post-24505","post","type-post","status-publish","format-standard","has-post-thumbnail","hentry","category-internacional","category-nacional","category-regionales"],"jetpack_featured_media_url":"https:\/\/radiotemuco.com\/home\/wp-content\/uploads\/2025\/10\/WhatsApp-Image-2025-10-09-at-13.18.19.jpeg","jetpack_sharing_enabled":true,"_links":{"self":[{"href":"https:\/\/radiotemuco.com\/home\/wp-json\/wp\/v2\/posts\/24505","targetHints":{"allow":["GET"]}}],"collection":[{"href":"https:\/\/radiotemuco.com\/home\/wp-json\/wp\/v2\/posts"}],"about":[{"href":"https:\/\/radiotemuco.com\/home\/wp-json\/wp\/v2\/types\/post"}],"author":[{"embeddable":true,"href":"https:\/\/radiotemuco.com\/home\/wp-json\/wp\/v2\/users\/2"}],"replies":[{"embeddable":true,"href":"https:\/\/radiotemuco.com\/home\/wp-json\/wp\/v2\/comments?post=24505"}],"version-history":[{"count":1,"href":"https:\/\/radiotemuco.com\/home\/wp-json\/wp\/v2\/posts\/24505\/revisions"}],"predecessor-version":[{"id":24507,"href":"https:\/\/radiotemuco.com\/home\/wp-json\/wp\/v2\/posts\/24505\/revisions\/24507"}],"wp:featuredmedia":[{"embeddable":true,"href":"https:\/\/radiotemuco.com\/home\/wp-json\/wp\/v2\/media\/24506"}],"wp:attachment":[{"href":"https:\/\/radiotemuco.com\/home\/wp-json\/wp\/v2\/media?parent=24505"}],"wp:term":[{"taxonomy":"category","embeddable":true,"href":"https:\/\/radiotemuco.com\/home\/wp-json\/wp\/v2\/categories?post=24505"},{"taxonomy":"post_tag","embeddable":true,"href":"https:\/\/radiotemuco.com\/home\/wp-json\/wp\/v2\/tags?post=24505"}],"curies":[{"name":"wp","href":"https:\/\/api.w.org\/{rel}","templated":true}]}}