{"id":24497,"date":"2025-10-09T15:01:14","date_gmt":"2025-10-09T15:01:14","guid":{"rendered":"https:\/\/radiotemuco.com\/home\/?p=24497"},"modified":"2025-10-09T15:01:14","modified_gmt":"2025-10-09T15:01:14","slug":"patrullaje-preventivo-en-temuco-facilita-detencion-de-delincuente-requerido-por-la-justicia-de-concepcion","status":"publish","type":"post","link":"https:\/\/radiotemuco.com\/home\/patrullaje-preventivo-en-temuco-facilita-detencion-de-delincuente-requerido-por-la-justicia-de-concepcion\/","title":{"rendered":"Patrullaje preventivo en Temuco facilita detenci\u00f3n de delincuente requerido por la justicia de Concepci\u00f3n"},"content":{"rendered":"<p>Inspectores de la direcci\u00f3n de Seguridad P\u00fablica de la Municipalidad de Temuco cooperaron activamente con Carabineros en la detenci\u00f3n de un delincuente que hu\u00eda por el centro de la capital regional.<\/p>\n<p>El individuo, identificado con las iniciales I. L. E., de 21 a\u00f1os, manten\u00eda una orden de detenci\u00f3n vigente emitida por el Juzgado de Garant\u00eda de Concepci\u00f3n por el delito de robo con violencia.<\/p>\n<p>Seg\u00fan los antecedentes entregados, el sujeto fue divisado por personal policial al interior de la Plaza Teodoro Schmidt, iniciando su fuga por calle Arturo Prat, contra el sentido del tr\u00e1nsito. En ese momento, motoristas de Carabineros comenzaron su persecuci\u00f3n, siendo apoyados por personal fiscalizador municipal, quienes se percataron del operativo y colaboraron en la detenci\u00f3n del individuo a metros de la intersecci\u00f3n con calle Diego Portales.<\/p>\n<p>El director de Seguridad P\u00fablica de Temuco, Richard Guti\u00e9rrez, destac\u00f3 que \u201ceste procedimiento refleja el nivel de coordinaci\u00f3n que mantenemos con Carabineros y el compromiso de nuestro personal con la seguridad de la ciudad. Nuestros inspectores, al percatarse de la persecuci\u00f3n en la que el delincuente escapaba, prestaron apoyo inmediato para lograr la detenci\u00f3n del individuo con orden vigente por robo con violencia en Concepci\u00f3n. Esa capacidad de reacci\u00f3n es fruto del entrenamiento, del trabajo t\u00e1ctico preventivo y del despliegue permanente que realizamos en el centro y los distintos sectores de Temuco\u201d.<\/p>\n<p>Finalmente, Carabineros adopt\u00f3 el procedimiento de rigor para colocar al antisocial a disposici\u00f3n de la justicia en el Biob\u00edo.<\/p>\n","protected":false},"excerpt":{"rendered":"<p>Inspectores de la direcci\u00f3n de Seguridad P\u00fablica de la Municipalidad de Temuco cooperaron activamente con Carabineros en la detenci\u00f3n de un delincuente que hu\u00eda por el centro de la capital regional. El individuo, identificado con las iniciales I. L. E., de 21 a\u00f1os, manten\u00eda una orden de detenci\u00f3n vigente emitida por el Juzgado de Garant\u00eda de Concepci\u00f3n por el delito de robo con violencia. Seg\u00fan los antecedentes entregados, el sujeto fue divisado por personal policial al interior de la Plaza Teodoro Schmidt, iniciando su fuga por calle Arturo Prat, contra el sentido del tr\u00e1nsito. En ese momento, motoristas de Carabineros comenzaron [&hellip;]<\/p>\n","protected":false},"author":2,"featured_media":24498,"comment_status":"closed","ping_status":"open","sticky":false,"template":"","format":"standard","meta":{"_crdt_document":"","_monsterinsights_skip_tracking":false,"_monsterinsights_sitenote_active":false,"_monsterinsights_sitenote_note":"","_monsterinsights_sitenote_category":0,"_jetpack_memberships_contains_paid_content":false,"footnotes":""},"categories":[8,7,2],"tags":[],"class_list":["post-24497","post","type-post","status-publish","format-standard","has-post-thumbnail","hentry","category-internacional","category-nacional","category-regionales"],"jetpack_featured_media_url":"https:\/\/radiotemuco.com\/home\/wp-content\/uploads\/2025\/10\/WhatsApp-Image-2025-10-08-at-15.10.13.jpeg","jetpack_sharing_enabled":true,"_links":{"self":[{"href":"https:\/\/radiotemuco.com\/home\/wp-json\/wp\/v2\/posts\/24497","targetHints":{"allow":["GET"]}}],"collection":[{"href":"https:\/\/radiotemuco.com\/home\/wp-json\/wp\/v2\/posts"}],"about":[{"href":"https:\/\/radiotemuco.com\/home\/wp-json\/wp\/v2\/types\/post"}],"author":[{"embeddable":true,"href":"https:\/\/radiotemuco.com\/home\/wp-json\/wp\/v2\/users\/2"}],"replies":[{"embeddable":true,"href":"https:\/\/radiotemuco.com\/home\/wp-json\/wp\/v2\/comments?post=24497"}],"version-history":[{"count":1,"href":"https:\/\/radiotemuco.com\/home\/wp-json\/wp\/v2\/posts\/24497\/revisions"}],"predecessor-version":[{"id":24499,"href":"https:\/\/radiotemuco.com\/home\/wp-json\/wp\/v2\/posts\/24497\/revisions\/24499"}],"wp:featuredmedia":[{"embeddable":true,"href":"https:\/\/radiotemuco.com\/home\/wp-json\/wp\/v2\/media\/24498"}],"wp:attachment":[{"href":"https:\/\/radiotemuco.com\/home\/wp-json\/wp\/v2\/media?parent=24497"}],"wp:term":[{"taxonomy":"category","embeddable":true,"href":"https:\/\/radiotemuco.com\/home\/wp-json\/wp\/v2\/categories?post=24497"},{"taxonomy":"post_tag","embeddable":true,"href":"https:\/\/radiotemuco.com\/home\/wp-json\/wp\/v2\/tags?post=24497"}],"curies":[{"name":"wp","href":"https:\/\/api.w.org\/{rel}","templated":true}]}}