{"id":24491,"date":"2025-10-09T14:53:29","date_gmt":"2025-10-09T14:53:29","guid":{"rendered":"https:\/\/radiotemuco.com\/home\/?p=24491"},"modified":"2025-10-09T14:53:29","modified_gmt":"2025-10-09T14:53:29","slug":"yoan-amor-llega-a-dreams-temuco-para-encantar-con-su-exitosa-discografia","status":"publish","type":"post","link":"https:\/\/radiotemuco.com\/home\/yoan-amor-llega-a-dreams-temuco-para-encantar-con-su-exitosa-discografia\/","title":{"rendered":"Yoan Amor llega a Dreams Temuco para encantar con su exitosa discograf\u00eda"},"content":{"rendered":"<p>La ex voz de La Noche,Yoan Amor, est\u00e1 gozando de un presente esplendoroso y cosechando la admiraci\u00f3n por su exitoso cover en versi\u00f3n bachata de \u201cPiensa\u201d de los Red Juniors, banda formada por los hermanos Zabaleta y pionera de la \u201cNueva Ola\u201d.<br \/>\nEsta canci\u00f3n, estrenada en 1962 y compuesta por Jorge Pedreros, es muy especial para el cantante ya que \u201ca mi madre que en paz de descanse, le gustaba mucho. Fue parte de su juventud\u201d, coment\u00f3 en conversaci\u00f3n con este medio. \u201cPara este cover tuve influencia de las bachatas modernas, como lo que hizo Manuel Turizo en alg\u00fan momento, y quise agregarle mi estilo para fusionarlo con su original sonido de los 60\u2019s\u201d, agreg\u00f3 el cantante.<\/p>\n<p>Creaciones<\/p>\n<p>Si bien esta reversi\u00f3n fue grabada en Chile, el final del trabajo tuvo lugar en Suecia, pa\u00eds donde reside hace un tiempo con su hijo y familiares. Tambi\u00e9n en Europa, Yoan grab\u00f3 otras canciones, las que pronto ir\u00e1 presentando.\u201cLos pr\u00f3ximos temas son m\u00edos y otros son covers, pero siempre pensando en cantantes chilenos, tal vez canciones un poco olvidadas donde busqu\u00e9 darle otro estilo musical\u201d, enfatiz\u00f3.<\/p>\n<p>Trayectoria<\/p>\n<p>A los 10 a\u00f1os Yoan Amor comenz\u00f3 a cantar en los escenarios de la ciudad de Norrk\u00f6ping en Suecia, mismo lugar que lo vio nacer hace 36 a\u00f1os, siendo el m\u00e1s peque\u00f1o de 4 hermanos. A los 14 a\u00f1os, junto con su hermano Jorge, fueron parte de una banda llamada en ese entonces \u201cTormenta Brava\u201d, conocida actualmente como Team impacto, con quienes comenz\u00f3 sus primeros shows como vocalista.<br \/>\nA los 17 a\u00f1os, gracias al v\u00ednculo con Yei, un reconocido productor musical, conoci\u00f3 a Dj M\u00e9ndez, con quien comenz\u00f3 una peque\u00f1a carrera como corista. Recorrieron Espa\u00f1a, Ucrania, Chile, entre otros.Yoan tambi\u00e9n fue parte de bandas como \u201cExcellent\u201d de Gotemburgo, la cual fue promocionada en Chile.<\/p>\n<p>En el 2010, luego del nacimiento de su hijo, tuvo la oportunidad de ser el vocalista de La Noche, tras la salida de Leo Rey, haciendo su primera presentaci\u00f3n en la ciudad de Santa Cruz, Bolivia.<br \/>\nLuego del gran impacto de \u201cLa Noche\u201d, tuvo la posibilidad de recorrer todo Chile mostrando sus grandes \u00e9xitos tales como, \u201cSi me dices Adi\u00f3s\u201d y \u201cDame un Besito\u201d, temas que hasta el d\u00eda de hoy se siguen escuchando.<\/p>\n<p>Sin duda una oportunidad como pocas para estar cerca de este artista de reconocida trayectoria este viernes en el Lucky 7 de Dreams. El acceso al show, que arrancar\u00e1 no antes de las 23:00 horas, es gratis con la entrada al casino cuyo importe total es en beneficio fiscal.<\/p>\n","protected":false},"excerpt":{"rendered":"<p>La ex voz de La Noche,Yoan Amor, est\u00e1 gozando de un presente esplendoroso y cosechando la admiraci\u00f3n por su exitoso cover en versi\u00f3n bachata de \u201cPiensa\u201d de los Red Juniors, banda formada por los hermanos Zabaleta y pionera de la \u201cNueva Ola\u201d. Esta canci\u00f3n, estrenada en 1962 y compuesta por Jorge Pedreros, es muy especial para el cantante ya que \u201ca mi madre que en paz de descanse, le gustaba mucho. Fue parte de su juventud\u201d, coment\u00f3 en conversaci\u00f3n con este medio. \u201cPara este cover tuve influencia de las bachatas modernas, como lo que hizo Manuel Turizo en alg\u00fan momento, y [&hellip;]<\/p>\n","protected":false},"author":2,"featured_media":24492,"comment_status":"closed","ping_status":"open","sticky":false,"template":"","format":"standard","meta":{"_crdt_document":"","_monsterinsights_skip_tracking":false,"_monsterinsights_sitenote_active":false,"_monsterinsights_sitenote_note":"","_monsterinsights_sitenote_category":0,"_jetpack_memberships_contains_paid_content":false,"footnotes":""},"categories":[8,7,2],"tags":[],"class_list":["post-24491","post","type-post","status-publish","format-standard","has-post-thumbnail","hentry","category-internacional","category-nacional","category-regionales"],"jetpack_featured_media_url":"https:\/\/radiotemuco.com\/home\/wp-content\/uploads\/2025\/10\/Captura-de-pantalla-2025-10-09-a-las-11.52.32.png","jetpack_sharing_enabled":true,"_links":{"self":[{"href":"https:\/\/radiotemuco.com\/home\/wp-json\/wp\/v2\/posts\/24491","targetHints":{"allow":["GET"]}}],"collection":[{"href":"https:\/\/radiotemuco.com\/home\/wp-json\/wp\/v2\/posts"}],"about":[{"href":"https:\/\/radiotemuco.com\/home\/wp-json\/wp\/v2\/types\/post"}],"author":[{"embeddable":true,"href":"https:\/\/radiotemuco.com\/home\/wp-json\/wp\/v2\/users\/2"}],"replies":[{"embeddable":true,"href":"https:\/\/radiotemuco.com\/home\/wp-json\/wp\/v2\/comments?post=24491"}],"version-history":[{"count":1,"href":"https:\/\/radiotemuco.com\/home\/wp-json\/wp\/v2\/posts\/24491\/revisions"}],"predecessor-version":[{"id":24493,"href":"https:\/\/radiotemuco.com\/home\/wp-json\/wp\/v2\/posts\/24491\/revisions\/24493"}],"wp:featuredmedia":[{"embeddable":true,"href":"https:\/\/radiotemuco.com\/home\/wp-json\/wp\/v2\/media\/24492"}],"wp:attachment":[{"href":"https:\/\/radiotemuco.com\/home\/wp-json\/wp\/v2\/media?parent=24491"}],"wp:term":[{"taxonomy":"category","embeddable":true,"href":"https:\/\/radiotemuco.com\/home\/wp-json\/wp\/v2\/categories?post=24491"},{"taxonomy":"post_tag","embeddable":true,"href":"https:\/\/radiotemuco.com\/home\/wp-json\/wp\/v2\/tags?post=24491"}],"curies":[{"name":"wp","href":"https:\/\/api.w.org\/{rel}","templated":true}]}}