{"id":24488,"date":"2025-10-08T16:12:15","date_gmt":"2025-10-08T16:12:15","guid":{"rendered":"https:\/\/radiotemuco.com\/home\/?p=24488"},"modified":"2025-10-08T16:12:15","modified_gmt":"2025-10-08T16:12:15","slug":"estudiantes-del-ip-santo-tomas-graban-proyecto-musical-notas-del-aula","status":"publish","type":"post","link":"https:\/\/radiotemuco.com\/home\/estudiantes-del-ip-santo-tomas-graban-proyecto-musical-notas-del-aula\/","title":{"rendered":"Estudiantes del IP Santo Tom\u00e1s graban proyecto musical \u201cNotas del Aula\u201d"},"content":{"rendered":"<p>Estudiantes de la carrera T\u00e9cnico en Sonido del Instituto Profesional Santo Tom\u00e1s Temuco est\u00e1n protagonizando una experiencia \u00fanica de aprendizaje pr\u00e1ctico y vinculaci\u00f3n con el entorno, a trav\u00e9s del desarrollo de un recopilatorio musical profesional que re\u00fane a diversas agrupaciones escolares de la regi\u00f3n.<\/p>\n<p>El proyecto, denominado \u201cNotas del Aula\u201d, busca promover y visibilizar el talento musical presente en los establecimientos educacionales, brindando a ni\u00f1os, ni\u00f1as y j\u00f3venes la posibilidad de grabar sus canciones en un entorno profesional, acompa\u00f1ado por estudiantes y docentes especializados en el \u00e1rea del sonido.<\/p>\n<p>Entre las escuelas participantes destacan el Colegio Waldorf Temuco, Colegio Montessori, Escuela P\u00fablica El Crucero y el Colegio Instituto Victoria, cuyos estudiantes han vivido la experiencia de grabar en estudios profesionales, con equipos de alto nivel.<\/p>\n<p>Desde la carrera T\u00e9cnico en Sonido, este tipo de iniciativas permiten a los estudiantes fortalecer competencias t\u00e9cnicas y creativas en \u00e1mbitos como la grabaci\u00f3n, mezcla, masterizaci\u00f3n y producci\u00f3n musical, adem\u00e1s de potenciar habilidades transversales como el trabajo en equipo, la comunicaci\u00f3n y la gesti\u00f3n de proyectos.<\/p>\n<p>As\u00ed lo destaca Claudio Pedemonte, director de la carrera T\u00e9cnico en Sonido del IP Santo Tom\u00e1s Temuco. <em>\u201cEl proyecto Notas del Aula ha sido muy bien recibido tanto por los estudiantes de T\u00e9cnico en Sonido como por los docentes y agrupaciones escolares participantes. Los profesores de m\u00fasica han valorado profundamente la oportunidad de grabar con sus estudiantes en un estudio profesional, lo que ha significado una experiencia formativa y motivadora\u201d. <\/em><\/p>\n<p><em>\u201cDurante el proceso, surgi\u00f3 tambi\u00e9n la necesidad de apoyar a las orquestas juveniles en el registro de sus interpretaciones, algo que esperamos concretar en una pr\u00f3xima edici\u00f3n. Ya estamos trabajando para repetir esta experiencia el pr\u00f3ximo a\u00f1o, con una planificaci\u00f3n que permita realizar las grabaciones en el primer semestre y la mezcla y masterizaci\u00f3n en el segundo\u201d <\/em>agreg\u00f3.<\/p>\n<p>El resultado de este a\u00f1o quedar\u00e1 plasmado en un disco digital, que recopilar\u00e1 las producciones realizadas por los estudiantes y las agrupaciones escolares participantes. Este material ser\u00e1 compartido con las comunidades educativas involucradas, para que puedan disfrutar, compartir y difundir el fruto de su trabajo y talento colectivo.<\/p>\n<p>Asimismo, esta experiencia refleja el prop\u00f3sito institucional del Instituto Profesional Santo Tom\u00e1s, que es formar personas \u00edntegras, competentes y comprometidas con su entorno, fomentando la conexi\u00f3n entre el aprendizaje y las necesidades del territorio, y fortaleciendo el desarrollo art\u00edstico y cultural de La Araucan\u00eda.<\/p>\n<p>La estudiante del Colegio Waldorf Temuco, Aspasie Ojeda Gonz\u00e1lez, quien particip\u00f3 de las grabaciones sostuvo que \u201c<em>ha sido una experiencia muy linda, todos muy amables. Estar en un estudio entre instrumentos y que nos faciliten un espacio es poco com\u00fan, es algo que no hab\u00edamos vivido de esta manera\u201d.<\/em><\/p>\n<p>Es as\u00ed como esta iniciativa que une la educaci\u00f3n, la m\u00fasica y la creatividad, impulsando a nuevos talentos desde las aulas de Santo Tom\u00e1s y reafirmando el compromiso de la instituci\u00f3n con la formaci\u00f3n integral y el desarrollo cultural de la regi\u00f3n.<\/p>\n","protected":false},"excerpt":{"rendered":"<p>Estudiantes de la carrera T\u00e9cnico en Sonido del Instituto Profesional Santo Tom\u00e1s Temuco est\u00e1n protagonizando una experiencia \u00fanica de aprendizaje pr\u00e1ctico y vinculaci\u00f3n con el entorno, a trav\u00e9s del desarrollo de un recopilatorio musical profesional que re\u00fane a diversas agrupaciones escolares de la regi\u00f3n. El proyecto, denominado \u201cNotas del Aula\u201d, busca promover y visibilizar el talento musical presente en los establecimientos educacionales, brindando a ni\u00f1os, ni\u00f1as y j\u00f3venes la posibilidad de grabar sus canciones en un entorno profesional, acompa\u00f1ado por estudiantes y docentes especializados en el \u00e1rea del sonido. Entre las escuelas participantes destacan el Colegio Waldorf Temuco, Colegio Montessori, Escuela [&hellip;]<\/p>\n","protected":false},"author":2,"featured_media":24489,"comment_status":"closed","ping_status":"open","sticky":false,"template":"","format":"standard","meta":{"_crdt_document":"","_monsterinsights_skip_tracking":false,"_monsterinsights_sitenote_active":false,"_monsterinsights_sitenote_note":"","_monsterinsights_sitenote_category":0,"_jetpack_memberships_contains_paid_content":false,"footnotes":""},"categories":[8,7,2],"tags":[],"class_list":["post-24488","post","type-post","status-publish","format-standard","has-post-thumbnail","hentry","category-internacional","category-nacional","category-regionales"],"jetpack_featured_media_url":"https:\/\/radiotemuco.com\/home\/wp-content\/uploads\/2025\/10\/Santo-tomas-1-scaled.jpeg","jetpack_sharing_enabled":true,"_links":{"self":[{"href":"https:\/\/radiotemuco.com\/home\/wp-json\/wp\/v2\/posts\/24488","targetHints":{"allow":["GET"]}}],"collection":[{"href":"https:\/\/radiotemuco.com\/home\/wp-json\/wp\/v2\/posts"}],"about":[{"href":"https:\/\/radiotemuco.com\/home\/wp-json\/wp\/v2\/types\/post"}],"author":[{"embeddable":true,"href":"https:\/\/radiotemuco.com\/home\/wp-json\/wp\/v2\/users\/2"}],"replies":[{"embeddable":true,"href":"https:\/\/radiotemuco.com\/home\/wp-json\/wp\/v2\/comments?post=24488"}],"version-history":[{"count":1,"href":"https:\/\/radiotemuco.com\/home\/wp-json\/wp\/v2\/posts\/24488\/revisions"}],"predecessor-version":[{"id":24490,"href":"https:\/\/radiotemuco.com\/home\/wp-json\/wp\/v2\/posts\/24488\/revisions\/24490"}],"wp:featuredmedia":[{"embeddable":true,"href":"https:\/\/radiotemuco.com\/home\/wp-json\/wp\/v2\/media\/24489"}],"wp:attachment":[{"href":"https:\/\/radiotemuco.com\/home\/wp-json\/wp\/v2\/media?parent=24488"}],"wp:term":[{"taxonomy":"category","embeddable":true,"href":"https:\/\/radiotemuco.com\/home\/wp-json\/wp\/v2\/categories?post=24488"},{"taxonomy":"post_tag","embeddable":true,"href":"https:\/\/radiotemuco.com\/home\/wp-json\/wp\/v2\/tags?post=24488"}],"curies":[{"name":"wp","href":"https:\/\/api.w.org\/{rel}","templated":true}]}}