{"id":24476,"date":"2025-10-08T15:31:42","date_gmt":"2025-10-08T15:31:42","guid":{"rendered":"https:\/\/radiotemuco.com\/home\/?p=24476"},"modified":"2025-10-08T15:31:42","modified_gmt":"2025-10-08T15:31:42","slug":"la-araucania-escuela-de-carabineros-invita-al-dia-del-postulante-2025","status":"publish","type":"post","link":"https:\/\/radiotemuco.com\/home\/la-araucania-escuela-de-carabineros-invita-al-dia-del-postulante-2025\/","title":{"rendered":"La Araucan\u00eda: Escuela de Carabineros invita al D\u00eda del Postulante 2025"},"content":{"rendered":"<p>En la b\u00fasqueda de implementar estrategias de mejoramiento en el proceso de reclutamiento y selecci\u00f3n de oponentes a Carabineros y formaci\u00f3n de nuestros alumnos, es que este martes 14 de octubre se realizar\u00e1 el \u201cD\u00eda del Postulante 2025\u201d.<\/p>\n<p>La actividad se realizar\u00e1 en todo el pa\u00eds y La Araucan\u00eda no es la excepci\u00f3n. La Escuela de Formaci\u00f3n Grupo Temuco abrir\u00e1 sus puertas generando una instancia pr\u00e1ctica en donde la ciudadan\u00eda se vincule y conozca a\u00fan m\u00e1s con la labor realizada por las diversas especialidades de Carabineros de Chile, para captar la atenci\u00f3n de los j\u00f3venes interesados en postular para ser parte de la nueva generaci\u00f3n.<\/p>\n<p>De esta manera, Carabineros de Chile motiva as\u00ed la proyecci\u00f3n laboral y capta el inter\u00e9s de los j\u00f3venes por formar parte de esta prestigiosa Instituci\u00f3n.<\/p>\n<p>\u201cUno de los sellos de Carabineros de Chile es la cercan\u00eda con la comunidad, en este contexto, estamos dando la posibilidad a nuestros j\u00f3venes de conocer cada una de las especialidades de Carabineros en las cuales se pueden desempe\u00f1ar una vez dentro de la Instituci\u00f3n. De igual forma, entregaremos informaci\u00f3n sobre la nueva Plataforma de Inscripci\u00f3n Online, vigente desde el mes de marzo 2025, la cual se asocia a la Clave \u00danica y es la nueva forma de postular a Carabineros de Chile y a todas las propuestas laborales de nuestra Instituci\u00f3n\u201d, precis\u00f3 Gisela Jalabert, encargada de postulaciones de la Esfocar Grupo Temuco.<\/p>\n<p>La feria de especialidades del D\u00eda del Postulante, se llevar\u00e1 a cabo el pr\u00f3ximo martes 14 de octubre entre las 10 y 13 horas en la Escuela de Formaci\u00f3n de Carabineros en Temuco, ubicada en Los Nogales #1727, sector las Quilas, y est\u00e1 confirmada la participaci\u00f3n del Gope Araucan\u00eda; la Secci\u00f3n A\u00e9rea; la secci\u00f3n antidrogas OS-7; el Labocar; la SIAT; Control Orden P\u00fablico (COP); el Sebv; la Tenencia de Familia e Infancia y personal motorizado.<\/p>\n","protected":false},"excerpt":{"rendered":"<p>En la b\u00fasqueda de implementar estrategias de mejoramiento en el proceso de reclutamiento y selecci\u00f3n de oponentes a Carabineros y formaci\u00f3n de nuestros alumnos, es que este martes 14 de octubre se realizar\u00e1 el \u201cD\u00eda del Postulante 2025\u201d. La actividad se realizar\u00e1 en todo el pa\u00eds y La Araucan\u00eda no es la excepci\u00f3n. La Escuela de Formaci\u00f3n Grupo Temuco abrir\u00e1 sus puertas generando una instancia pr\u00e1ctica en donde la ciudadan\u00eda se vincule y conozca a\u00fan m\u00e1s con la labor realizada por las diversas especialidades de Carabineros de Chile, para captar la atenci\u00f3n de los j\u00f3venes interesados en postular para ser parte [&hellip;]<\/p>\n","protected":false},"author":2,"featured_media":24477,"comment_status":"closed","ping_status":"open","sticky":false,"template":"","format":"standard","meta":{"_crdt_document":"","_monsterinsights_skip_tracking":false,"_monsterinsights_sitenote_active":false,"_monsterinsights_sitenote_note":"","_monsterinsights_sitenote_category":0,"_jetpack_memberships_contains_paid_content":false,"footnotes":""},"categories":[8,7,2],"tags":[],"class_list":["post-24476","post","type-post","status-publish","format-standard","has-post-thumbnail","hentry","category-internacional","category-nacional","category-regionales"],"jetpack_featured_media_url":"https:\/\/radiotemuco.com\/home\/wp-content\/uploads\/2025\/10\/foto-carabineros.jpg","jetpack_sharing_enabled":true,"_links":{"self":[{"href":"https:\/\/radiotemuco.com\/home\/wp-json\/wp\/v2\/posts\/24476","targetHints":{"allow":["GET"]}}],"collection":[{"href":"https:\/\/radiotemuco.com\/home\/wp-json\/wp\/v2\/posts"}],"about":[{"href":"https:\/\/radiotemuco.com\/home\/wp-json\/wp\/v2\/types\/post"}],"author":[{"embeddable":true,"href":"https:\/\/radiotemuco.com\/home\/wp-json\/wp\/v2\/users\/2"}],"replies":[{"embeddable":true,"href":"https:\/\/radiotemuco.com\/home\/wp-json\/wp\/v2\/comments?post=24476"}],"version-history":[{"count":1,"href":"https:\/\/radiotemuco.com\/home\/wp-json\/wp\/v2\/posts\/24476\/revisions"}],"predecessor-version":[{"id":24478,"href":"https:\/\/radiotemuco.com\/home\/wp-json\/wp\/v2\/posts\/24476\/revisions\/24478"}],"wp:featuredmedia":[{"embeddable":true,"href":"https:\/\/radiotemuco.com\/home\/wp-json\/wp\/v2\/media\/24477"}],"wp:attachment":[{"href":"https:\/\/radiotemuco.com\/home\/wp-json\/wp\/v2\/media?parent=24476"}],"wp:term":[{"taxonomy":"category","embeddable":true,"href":"https:\/\/radiotemuco.com\/home\/wp-json\/wp\/v2\/categories?post=24476"},{"taxonomy":"post_tag","embeddable":true,"href":"https:\/\/radiotemuco.com\/home\/wp-json\/wp\/v2\/tags?post=24476"}],"curies":[{"name":"wp","href":"https:\/\/api.w.org\/{rel}","templated":true}]}}