{"id":24209,"date":"2025-09-05T11:41:25","date_gmt":"2025-09-05T11:41:25","guid":{"rendered":"https:\/\/radiotemuco.com\/home\/?p=24209"},"modified":"2025-09-05T11:41:25","modified_gmt":"2025-09-05T11:41:25","slug":"todo-listo-para-el-pago-100-electronico-en-buses-del-transporte-publico-de-temuco-y-padre-las-casas","status":"publish","type":"post","link":"https:\/\/radiotemuco.com\/home\/todo-listo-para-el-pago-100-electronico-en-buses-del-transporte-publico-de-temuco-y-padre-las-casas\/","title":{"rendered":"Todo listo para el pago 100% electr\u00f3nico en buses del transporte p\u00fablico de Temuco y Padre las Casas"},"content":{"rendered":"<p>Desde el pr\u00f3ximo martes 9 de septiembre, el pago del pasaje en los buses del transporte p\u00fablico de Temuco y Padre Las Casas ser\u00e1 100% electr\u00f3nico, dejando definitivamente atr\u00e1s el efectivo, tras una marcha blanca de 3 meses para la incorporaci\u00f3n progresiva de esta tecnolog\u00eda digital.<\/p>\n<p>El subsecretario de Transportes, Jorge Daza, junto al alcalde de Temuco, Roberto Neira, y la seremitt de La Araucan\u00eda, Mary Valdebenito, verific\u00f3 el funcionamiento de los validadores de recaudo electr\u00f3nico que ya est\u00e1n operativos desde junio en todos los buses del sistema regulado que circulan en esta conurbaci\u00f3n.<\/p>\n<p>Al respecto, el subsecretario destac\u00f3 que \u201ccon el fin de la marcha blanca y el inicio definitivo del pago 100% electr\u00f3nico en Temuco y Padre Las Casas, vamos a dar un paso fundamental para la modernizaci\u00f3n y seguridad\u00a0 del transporte p\u00fablico en estas dos importantes comunas, hito que se suma a una intensa gesti\u00f3n que estamos llevando adelante como Gobierno para reducir la brecha entre regiones y Santiago con servicios y transporte m\u00e1s seguros, modernos y eficientes, aportando bienestar y desarrollo a las personas y sus comunidades. Es importante recordar, adem\u00e1s, que esta tecnolog\u00eda tambi\u00e9n permite ofrecer beneficios tarifarios a personas mayores y estudiantes, facilitando el acceso de todas y todos\u201d.<\/p>\n<p>En tanto, el alcalde de Temuco, Roberto Neira, manifest\u00f3 que \u201cla conurbaci\u00f3n Temuco &#8211; Padre Las Casas tiene hoy un transporte p\u00fablico m\u00e1s moderno del que ten\u00eda\u201d. Asimismo, destac\u00f3 que \u201cel pago automatizado es muy importante, porque as\u00ed abandonamos pagar con efectivo y el conductor se dedica a lo que se tiene que dedicar, que es la seguridad de los pasajeros y no a estar recibiendo el pago\u201d.<\/p>\n<p>Los usuarios del servicio de buses del transporte p\u00fablico entre Temuco y Padre Las Casas pueden utilizar como medios de pago la tarjeta de transporte que ha dispuesto la empresa operadora del recaudo electr\u00f3nico, tarjetas bancarias o c\u00f3digo QR a trav\u00e9s de una aplicaci\u00f3n en el tel\u00e9fono. Las personas mayores pueden acceder a tarjetas especiales para la tarifa rebajada, mientras que los estudiantes pueden usar la Tarjeta Nacional Estudiantil (TNE).<\/p>\n<p>Desde el 1 de junio hasta la fecha, han sido vendidas 49.241 tarjetas normales, 20.031 tarjetas persona mayor enroladas y 85.052 TNE activadas. Es decir, ya son m\u00e1s de 150 mil las personas que cuentan con un medio de pago electr\u00f3nico, sin contar las tarjetas bancarias y el c\u00f3digo QR.<\/p>\n<p>Lo anterior, implica 1.535.905 transacciones con la TNE, equivalentes al 47% del total, 968.036 con tarjeta adulto y persona mayor (30%), 416.320 con tarjetas bancarias (12%) y 305.561 con c\u00f3digo QR (12,9%).<\/p>\n<p>Hay m\u00e1s de 250 puntos presenciales de carga de saldo y venta de tarjetas desplegados en todas las zonas de operaci\u00f3n del servicio de transporte, las que est\u00e1n compuestas en su totalidad por comercios locales de Temuco y Padre Las Casas. Adem\u00e1s, se han dispuesto Centros de Atenci\u00f3n al Usuario, ubicados en Aldunate #255, en Temuco, y Francisco Pleiteado #712, en Padre Las Casas.<\/p>\n<p>&nbsp;<\/p>\n","protected":false},"excerpt":{"rendered":"<p>Desde el pr\u00f3ximo martes 9 de septiembre, el pago del pasaje en los buses del transporte p\u00fablico de Temuco y Padre Las Casas ser\u00e1 100% electr\u00f3nico, dejando definitivamente atr\u00e1s el efectivo, tras una marcha blanca de 3 meses para la incorporaci\u00f3n progresiva de esta tecnolog\u00eda digital. El subsecretario de Transportes, Jorge Daza, junto al alcalde de Temuco, Roberto Neira, y la seremitt de La Araucan\u00eda, Mary Valdebenito, verific\u00f3 el funcionamiento de los validadores de recaudo electr\u00f3nico que ya est\u00e1n operativos desde junio en todos los buses del sistema regulado que circulan en esta conurbaci\u00f3n. Al respecto, el subsecretario destac\u00f3 que \u201ccon [&hellip;]<\/p>\n","protected":false},"author":2,"featured_media":24210,"comment_status":"closed","ping_status":"open","sticky":false,"template":"","format":"standard","meta":{"_crdt_document":"","_monsterinsights_skip_tracking":false,"_monsterinsights_sitenote_active":false,"_monsterinsights_sitenote_note":"","_monsterinsights_sitenote_category":0,"_jetpack_memberships_contains_paid_content":false,"footnotes":""},"categories":[8,7,2],"tags":[],"class_list":["post-24209","post","type-post","status-publish","format-standard","has-post-thumbnail","hentry","category-internacional","category-nacional","category-regionales"],"jetpack_featured_media_url":"https:\/\/radiotemuco.com\/home\/wp-content\/uploads\/2025\/09\/IMG_0041-scaled.jpg","jetpack_sharing_enabled":true,"_links":{"self":[{"href":"https:\/\/radiotemuco.com\/home\/wp-json\/wp\/v2\/posts\/24209","targetHints":{"allow":["GET"]}}],"collection":[{"href":"https:\/\/radiotemuco.com\/home\/wp-json\/wp\/v2\/posts"}],"about":[{"href":"https:\/\/radiotemuco.com\/home\/wp-json\/wp\/v2\/types\/post"}],"author":[{"embeddable":true,"href":"https:\/\/radiotemuco.com\/home\/wp-json\/wp\/v2\/users\/2"}],"replies":[{"embeddable":true,"href":"https:\/\/radiotemuco.com\/home\/wp-json\/wp\/v2\/comments?post=24209"}],"version-history":[{"count":1,"href":"https:\/\/radiotemuco.com\/home\/wp-json\/wp\/v2\/posts\/24209\/revisions"}],"predecessor-version":[{"id":24211,"href":"https:\/\/radiotemuco.com\/home\/wp-json\/wp\/v2\/posts\/24209\/revisions\/24211"}],"wp:featuredmedia":[{"embeddable":true,"href":"https:\/\/radiotemuco.com\/home\/wp-json\/wp\/v2\/media\/24210"}],"wp:attachment":[{"href":"https:\/\/radiotemuco.com\/home\/wp-json\/wp\/v2\/media?parent=24209"}],"wp:term":[{"taxonomy":"category","embeddable":true,"href":"https:\/\/radiotemuco.com\/home\/wp-json\/wp\/v2\/categories?post=24209"},{"taxonomy":"post_tag","embeddable":true,"href":"https:\/\/radiotemuco.com\/home\/wp-json\/wp\/v2\/tags?post=24209"}],"curies":[{"name":"wp","href":"https:\/\/api.w.org\/{rel}","templated":true}]}}