{"id":24199,"date":"2025-09-04T10:17:39","date_gmt":"2025-09-04T10:17:39","guid":{"rendered":"https:\/\/radiotemuco.com\/home\/?p=24199"},"modified":"2025-09-04T10:17:39","modified_gmt":"2025-09-04T10:17:39","slug":"arremacho-y-sus-rancheras-se-toman-el-viernes-en-dreams-temuco","status":"publish","type":"post","link":"https:\/\/radiotemuco.com\/home\/arremacho-y-sus-rancheras-se-toman-el-viernes-en-dreams-temuco\/","title":{"rendered":"Arremacho y sus rancheras se toman el viernes en Dreams Temuco"},"content":{"rendered":"<p>Explosividad, frescura y mucho ritmo. Tres conceptos que sirven para definir al conjunto musical &#8220;Arremacho&#8221;, que este viernes se presentar\u00e1 en el casino de juegos de Avenida Alemania.<\/p>\n<p>Seis son los m\u00fasicos que integran esta banda originaria de la Regi\u00f3n de Los R\u00edos, nacida en 2018. Su animador es Sebasti\u00e1n Celis, quien junto a sus compa\u00f1eros Carlos Olave (vocalista), Marcelo Llancafil (bajista), Ervis Ortiz (percusi\u00f3n), Rub\u00e9n Salazar (guitarrista) y Camilo Vega (director musical y segunda voz), buscar\u00e1n deleitar a los asistentes a la sala de juegos con su repertorio.<\/p>\n<p>Actualidad<\/p>\n<p>Con fuerte presencia en redes sociales y plataformas interactivas como &#8220;Spotify&#8221;, han logrado posicionarse como una de las agrupaciones rancheras m\u00e1s escuchadas en la escena nacional. &#8220;Hemos sacado decenas de canciones desde que nos constituimos oficialmente como grupo en 2018. Hace unos meses lanzamos nuestro single &#8220;Si Me Ves Llorar&#8221; y no hemos parado de viajar, teniendo presencia en varias regiones del pa\u00eds. Hace poco estuvimos en el Teatro Caupolic\u00e1n y volveremos este mes para el &#8220;Gran Rancherazo Nacional&#8221;, donde tendremos el privilegio de compartir jornada con grandes exponentes como &#8220;Los Charros de Lumaco&#8221;, &#8220;Amar Azul&#8221; o &#8220;Z\u00fambale Primo&#8221;, tres conjuntos con rica historia&#8221;, expres\u00f3 el animador de Arremacho.<\/p>\n<p>Sur.<\/p>\n<p>Si bien han recorrido gran parte del sur, desde Los \u00c1ngeles, hasta zonas m\u00e1s aisladas como la Isla de Chilo\u00e9, entre otras, la orquesta tendr\u00e1 su debut en Dreams Temuco, lo que los tiene motivados y muy contentos. &#8220;Hemos escuchado lo que significa el casino sobre todo en el sur. Es un orgullo para la banda tener la chance de poder mostrar nuestro trabajo en escenarios as\u00ed. Queremos seguir cumpliendo sue\u00f1os y metas, as\u00ed que vamos con toda la alegr\u00eda a Temuco para brindarles un lindo show&#8221;, se\u00f1al\u00f3 Celis.<\/p>\n<p>Playlist.<\/p>\n<p>Sebasti\u00e1n tambi\u00e9n tuvo palabras para el repertorio del evento, que aglutinar\u00e1 gran variedad de singles de la sonora. &#8220;Trataremos de incluir casi todo nuestro cancionero. No adelantaremos qu\u00e9 tocaremos, pero si podemos prometer que estar\u00e1 muy movido y emocionante. La experiencia de escuchar m\u00fasica en vivo es incomparable&#8221;, cerr\u00f3.<\/p>\n<p>Invitaci\u00f3n<\/p>\n<p>Finalmente, el &#8220;host&#8221; dej\u00f3 realizada la invitaci\u00f3n para este fin de semana. &#8220;Dejamos convidados a todos los habitantes de La Araucan\u00eda y p\u00fablico del casino a que nos acompa\u00f1en, ya sea parados o sentados, a nuestra velada musical, que est\u00e1 preparada con mucho cari\u00f1o. Llevamos mucho tiempo desarroll\u00e1ndola. La hemos puesto en escena en muchas ocasiones y la recepci\u00f3n ha sido muy buena. Esta vez no ser\u00e1 la excepci\u00f3n&#8221;, sentenci\u00f3 de manera categ\u00f3rica.<\/p>\n<p>La performance de &#8220;Arremacho&#8221; ser\u00e1 este viernes 5, no antes de las 23:00, en el escenario del restobar Lucky 7 del casino Dreams. El acceso es gratis con la entrada al casino, cuyo importe total es en beneficio fiscal.<\/p>\n","protected":false},"excerpt":{"rendered":"<p>Explosividad, frescura y mucho ritmo. Tres conceptos que sirven para definir al conjunto musical &#8220;Arremacho&#8221;, que este viernes se presentar\u00e1 en el casino de juegos de Avenida Alemania. Seis son los m\u00fasicos que integran esta banda originaria de la Regi\u00f3n de Los R\u00edos, nacida en 2018. Su animador es Sebasti\u00e1n Celis, quien junto a sus compa\u00f1eros Carlos Olave (vocalista), Marcelo Llancafil (bajista), Ervis Ortiz (percusi\u00f3n), Rub\u00e9n Salazar (guitarrista) y Camilo Vega (director musical y segunda voz), buscar\u00e1n deleitar a los asistentes a la sala de juegos con su repertorio. Actualidad Con fuerte presencia en redes sociales y plataformas interactivas como &#8220;Spotify&#8221;, [&hellip;]<\/p>\n","protected":false},"author":2,"featured_media":24200,"comment_status":"closed","ping_status":"open","sticky":false,"template":"","format":"standard","meta":{"_crdt_document":"","_monsterinsights_skip_tracking":false,"_monsterinsights_sitenote_active":false,"_monsterinsights_sitenote_note":"","_monsterinsights_sitenote_category":0,"_jetpack_memberships_contains_paid_content":false,"footnotes":""},"categories":[8,7,2],"tags":[],"class_list":["post-24199","post","type-post","status-publish","format-standard","has-post-thumbnail","hentry","category-internacional","category-nacional","category-regionales"],"jetpack_featured_media_url":"https:\/\/radiotemuco.com\/home\/wp-content\/uploads\/2025\/09\/WhatsApp-Image-2025-09-03-at-09.33.29.jpeg","jetpack_sharing_enabled":true,"_links":{"self":[{"href":"https:\/\/radiotemuco.com\/home\/wp-json\/wp\/v2\/posts\/24199","targetHints":{"allow":["GET"]}}],"collection":[{"href":"https:\/\/radiotemuco.com\/home\/wp-json\/wp\/v2\/posts"}],"about":[{"href":"https:\/\/radiotemuco.com\/home\/wp-json\/wp\/v2\/types\/post"}],"author":[{"embeddable":true,"href":"https:\/\/radiotemuco.com\/home\/wp-json\/wp\/v2\/users\/2"}],"replies":[{"embeddable":true,"href":"https:\/\/radiotemuco.com\/home\/wp-json\/wp\/v2\/comments?post=24199"}],"version-history":[{"count":1,"href":"https:\/\/radiotemuco.com\/home\/wp-json\/wp\/v2\/posts\/24199\/revisions"}],"predecessor-version":[{"id":24201,"href":"https:\/\/radiotemuco.com\/home\/wp-json\/wp\/v2\/posts\/24199\/revisions\/24201"}],"wp:featuredmedia":[{"embeddable":true,"href":"https:\/\/radiotemuco.com\/home\/wp-json\/wp\/v2\/media\/24200"}],"wp:attachment":[{"href":"https:\/\/radiotemuco.com\/home\/wp-json\/wp\/v2\/media?parent=24199"}],"wp:term":[{"taxonomy":"category","embeddable":true,"href":"https:\/\/radiotemuco.com\/home\/wp-json\/wp\/v2\/categories?post=24199"},{"taxonomy":"post_tag","embeddable":true,"href":"https:\/\/radiotemuco.com\/home\/wp-json\/wp\/v2\/tags?post=24199"}],"curies":[{"name":"wp","href":"https:\/\/api.w.org\/{rel}","templated":true}]}}