{"id":24196,"date":"2025-09-04T10:12:11","date_gmt":"2025-09-04T10:12:11","guid":{"rendered":"https:\/\/radiotemuco.com\/home\/?p=24196"},"modified":"2025-09-04T10:12:11","modified_gmt":"2025-09-04T10:12:11","slug":"multigremial-de-la-araucania-informe-de-violencia-revela-mas-de-66-muertes-en-23-anos","status":"publish","type":"post","link":"https:\/\/radiotemuco.com\/home\/multigremial-de-la-araucania-informe-de-violencia-revela-mas-de-66-muertes-en-23-anos\/","title":{"rendered":"Multigremial de La Araucan\u00eda: Informe de violencia revela m\u00e1s de 66 muertes en 23 a\u00f1os"},"content":{"rendered":"<p>En su informe mensual de violencia, la Multigremial de La Araucan\u00eda advirti\u00f3 que, aunque los atentados disminuyen, los homicidios y homicidios frustrados aumentan con brutalidad. La organizaci\u00f3n critic\u00f3 duramente al Gobierno por omitir la aplicaci\u00f3n de la Ley Antiterrorista en la mayor\u00eda de los atentados.<br \/>\nAraucan\u00eda, 2 de septiembre de 2025.<\/p>\n<p>La Multigremial de La Araucan\u00eda present\u00f3 su Informe de Violencia de agosto 2025, donde se registraron 4 hechos de violencia en la Macrozona Sur, incluyendo un nuevo asesinato en la regi\u00f3n, adem\u00e1s de ataques incendiarios y armados.<br \/>\nDesde enero de 2021 a la fecha, se contabilizan 1.032 hechos de violencia, con un promedio de 4,3 atentados por mes. El informe destaca que el 81% de los ataques de este a\u00f1o se concentran en la Regi\u00f3n de La Araucan\u00eda, siendo Malleco la provincia m\u00e1s afectada, con dos de cada tres hechos.<br \/>\nPero la cifra m\u00e1s alarmante es la acumulaci\u00f3n de 66 muertes en 23 a\u00f1os de violencia, la mayor\u00eda a\u00fan sin resoluci\u00f3n judicial.<br \/>\n\u201cEl terrorismo en la Macrozona Sur ya ha cobrado m\u00e1s de 66 vidas, la mayor\u00eda sin resoluci\u00f3n judicial. Esa es la herida m\u00e1s dolorosa: familias enteras esperando justicia que nunca llega. Nuestro mensaje es claro: Menos atentados no significa m\u00e1s paz, porque mientras los homicidios y los ataques sigan vigentes la tarea nunca podr\u00e1 estar cumplida\u201d, se\u00f1al\u00f3 Patricio Santib\u00e1\u00f1ez, Presidente de la Multigremial de La Araucan\u00eda.<br \/>\nLa organizaci\u00f3n critic\u00f3 adem\u00e1s al Ejecutivo por su negativa a invocar la Ley Antiterrorista en la mayor\u00eda de los casos.<br \/>\n\u201cEs incomprensible que, existiendo una ley especialmente dise\u00f1ada para perseguir y desarticular a grupos terroristas y de crimen organizado, el Gobierno elija omitirla. Cada atentado debe ser perseguido con esta herramienta, sin esperar a que aparezca un panfleto reivindicatorio\u201d, enfatiz\u00f3 Santib\u00e1\u00f1ez.<br \/>\nLa Multigremial insisti\u00f3 en que Chile requiere una posici\u00f3n activa y firme del Estado: aplicar la Ley Antiterrorista en todos los casos y avanzar hacia la desarticulaci\u00f3n total del terrorismo en la Macrozona Sur.<\/p>\n","protected":false},"excerpt":{"rendered":"<p>En su informe mensual de violencia, la Multigremial de La Araucan\u00eda advirti\u00f3 que, aunque los atentados disminuyen, los homicidios y homicidios frustrados aumentan con brutalidad. La organizaci\u00f3n critic\u00f3 duramente al Gobierno por omitir la aplicaci\u00f3n de la Ley Antiterrorista en la mayor\u00eda de los atentados. Araucan\u00eda, 2 de septiembre de 2025. La Multigremial de La Araucan\u00eda present\u00f3 su Informe de Violencia de agosto 2025, donde se registraron 4 hechos de violencia en la Macrozona Sur, incluyendo un nuevo asesinato en la regi\u00f3n, adem\u00e1s de ataques incendiarios y armados. Desde enero de 2021 a la fecha, se contabilizan 1.032 hechos de violencia, [&hellip;]<\/p>\n","protected":false},"author":2,"featured_media":24197,"comment_status":"closed","ping_status":"open","sticky":false,"template":"","format":"standard","meta":{"_crdt_document":"","_monsterinsights_skip_tracking":false,"_monsterinsights_sitenote_active":false,"_monsterinsights_sitenote_note":"","_monsterinsights_sitenote_category":0,"_jetpack_memberships_contains_paid_content":false,"footnotes":""},"categories":[8,7,2],"tags":[],"class_list":["post-24196","post","type-post","status-publish","format-standard","has-post-thumbnail","hentry","category-internacional","category-nacional","category-regionales"],"jetpack_featured_media_url":"https:\/\/radiotemuco.com\/home\/wp-content\/uploads\/2025\/09\/WhatsApp-Image-2025-09-03-at-13.48.21.jpeg","jetpack_sharing_enabled":true,"_links":{"self":[{"href":"https:\/\/radiotemuco.com\/home\/wp-json\/wp\/v2\/posts\/24196","targetHints":{"allow":["GET"]}}],"collection":[{"href":"https:\/\/radiotemuco.com\/home\/wp-json\/wp\/v2\/posts"}],"about":[{"href":"https:\/\/radiotemuco.com\/home\/wp-json\/wp\/v2\/types\/post"}],"author":[{"embeddable":true,"href":"https:\/\/radiotemuco.com\/home\/wp-json\/wp\/v2\/users\/2"}],"replies":[{"embeddable":true,"href":"https:\/\/radiotemuco.com\/home\/wp-json\/wp\/v2\/comments?post=24196"}],"version-history":[{"count":1,"href":"https:\/\/radiotemuco.com\/home\/wp-json\/wp\/v2\/posts\/24196\/revisions"}],"predecessor-version":[{"id":24198,"href":"https:\/\/radiotemuco.com\/home\/wp-json\/wp\/v2\/posts\/24196\/revisions\/24198"}],"wp:featuredmedia":[{"embeddable":true,"href":"https:\/\/radiotemuco.com\/home\/wp-json\/wp\/v2\/media\/24197"}],"wp:attachment":[{"href":"https:\/\/radiotemuco.com\/home\/wp-json\/wp\/v2\/media?parent=24196"}],"wp:term":[{"taxonomy":"category","embeddable":true,"href":"https:\/\/radiotemuco.com\/home\/wp-json\/wp\/v2\/categories?post=24196"},{"taxonomy":"post_tag","embeddable":true,"href":"https:\/\/radiotemuco.com\/home\/wp-json\/wp\/v2\/tags?post=24196"}],"curies":[{"name":"wp","href":"https:\/\/api.w.org\/{rel}","templated":true}]}}