{"id":24193,"date":"2025-09-04T10:06:45","date_gmt":"2025-09-04T10:06:45","guid":{"rendered":"https:\/\/radiotemuco.com\/home\/?p=24193"},"modified":"2025-09-04T10:06:45","modified_gmt":"2025-09-04T10:06:45","slug":"lonquimay-tradicional-esquinazo-da-la-bienvenida-al-mes-de-la-patria","status":"publish","type":"post","link":"https:\/\/radiotemuco.com\/home\/lonquimay-tradicional-esquinazo-da-la-bienvenida-al-mes-de-la-patria\/","title":{"rendered":"Lonquimay: Tradicional esquinazo da la bienvenida al Mes de la Patria"},"content":{"rendered":"<p>Desde el Hall Central de la Municipalidad de Lonquimay se realiz\u00f3 el tradicional esquinazo que da inicio a las celebraciones de Fiestas Patrias en la comuna, recordando nuestras ra\u00edces y tradiciones.<\/p>\n<p>La actividad estuvo encabezada por el Alcalde de la comuna Eduardo Y\u00e1\u00f1ez, junto a los concejales Anicia Soto, Pablo Labr\u00edn, Jorge Cerda y Juan Fuentes, adem\u00e1s de autoridades regionales, representantes de Carabineros, funcionarios municipales y p\u00fablico presente que se sum\u00f3 a este encuentro.<\/p>\n<p>\u201cHoy en Lonquimay damos inicio a nuestras Fiestas Patrias con este esquinazo que nos llena de identidad y tradici\u00f3n. Es un momento para reunirnos como comuna, recordar nuestras ra\u00edces y proyectarnos hacia el futuro. Que vivan nuestras tradiciones, que viva Chile y que viva Lonquimay, se\u00f1al\u00f3 la primera autoridad comunal.<\/p>\n<p>La jornada fue amenizada por el grupo &#8220;Aires de Cordillera&#8221; de la Escuela B\u00e1sica Villa Troyo, mientras que tres parejas campeonas de cueca deleitaron a los asistentes con sus presentaciones:<br \/>\nEnse\u00f1anza Media: Edison \u00c1lvarez y Margarita Lagos (Liceo Bicentenario Polivalente de Lonquimay)<br \/>\nEnse\u00f1anza B\u00e1sica Urbana: Kiara Curical y Mat\u00edas Alegr\u00eda (Escuela Particular N\u00b02)<br \/>\nEnse\u00f1anza B\u00e1sica Rural: Cristel Barra y Agust\u00edn Marihuan (Escuela B\u00e1sica Villa Troyo)<br \/>\nEn la ocasi\u00f3n, el edil entreg\u00f3 un reconocimiento especial a la pareja de la Escuela B\u00e1sica Villa Troyo, que representar\u00e1 a la comuna en la Muestra Regional de Cueca Escolar 2025.<\/p>\n","protected":false},"excerpt":{"rendered":"<p>Desde el Hall Central de la Municipalidad de Lonquimay se realiz\u00f3 el tradicional esquinazo que da inicio a las celebraciones de Fiestas Patrias en la comuna, recordando nuestras ra\u00edces y tradiciones. La actividad estuvo encabezada por el Alcalde de la comuna Eduardo Y\u00e1\u00f1ez, junto a los concejales Anicia Soto, Pablo Labr\u00edn, Jorge Cerda y Juan Fuentes, adem\u00e1s de autoridades regionales, representantes de Carabineros, funcionarios municipales y p\u00fablico presente que se sum\u00f3 a este encuentro. \u201cHoy en Lonquimay damos inicio a nuestras Fiestas Patrias con este esquinazo que nos llena de identidad y tradici\u00f3n. Es un momento para reunirnos como comuna, recordar [&hellip;]<\/p>\n","protected":false},"author":2,"featured_media":24194,"comment_status":"closed","ping_status":"open","sticky":false,"template":"","format":"standard","meta":{"_crdt_document":"","_monsterinsights_skip_tracking":false,"_monsterinsights_sitenote_active":false,"_monsterinsights_sitenote_note":"","_monsterinsights_sitenote_category":0,"_jetpack_memberships_contains_paid_content":false,"footnotes":""},"categories":[8,7,2],"tags":[],"class_list":["post-24193","post","type-post","status-publish","format-standard","has-post-thumbnail","hentry","category-internacional","category-nacional","category-regionales"],"jetpack_featured_media_url":"https:\/\/radiotemuco.com\/home\/wp-content\/uploads\/2025\/09\/WhatsApp-Image-2025-09-03-at-17.58.27.jpeg","jetpack_sharing_enabled":true,"_links":{"self":[{"href":"https:\/\/radiotemuco.com\/home\/wp-json\/wp\/v2\/posts\/24193","targetHints":{"allow":["GET"]}}],"collection":[{"href":"https:\/\/radiotemuco.com\/home\/wp-json\/wp\/v2\/posts"}],"about":[{"href":"https:\/\/radiotemuco.com\/home\/wp-json\/wp\/v2\/types\/post"}],"author":[{"embeddable":true,"href":"https:\/\/radiotemuco.com\/home\/wp-json\/wp\/v2\/users\/2"}],"replies":[{"embeddable":true,"href":"https:\/\/radiotemuco.com\/home\/wp-json\/wp\/v2\/comments?post=24193"}],"version-history":[{"count":1,"href":"https:\/\/radiotemuco.com\/home\/wp-json\/wp\/v2\/posts\/24193\/revisions"}],"predecessor-version":[{"id":24195,"href":"https:\/\/radiotemuco.com\/home\/wp-json\/wp\/v2\/posts\/24193\/revisions\/24195"}],"wp:featuredmedia":[{"embeddable":true,"href":"https:\/\/radiotemuco.com\/home\/wp-json\/wp\/v2\/media\/24194"}],"wp:attachment":[{"href":"https:\/\/radiotemuco.com\/home\/wp-json\/wp\/v2\/media?parent=24193"}],"wp:term":[{"taxonomy":"category","embeddable":true,"href":"https:\/\/radiotemuco.com\/home\/wp-json\/wp\/v2\/categories?post=24193"},{"taxonomy":"post_tag","embeddable":true,"href":"https:\/\/radiotemuco.com\/home\/wp-json\/wp\/v2\/tags?post=24193"}],"curies":[{"name":"wp","href":"https:\/\/api.w.org\/{rel}","templated":true}]}}