{"id":24189,"date":"2025-09-03T10:12:11","date_gmt":"2025-09-03T10:12:11","guid":{"rendered":"https:\/\/radiotemuco.com\/home\/?p=24189"},"modified":"2025-09-03T10:12:11","modified_gmt":"2025-09-03T10:12:11","slug":"punto-mipe-un-apoyo-a-emprendimientos-y-pymes-de-la-araucania-a-traves-de-sercotec","status":"publish","type":"post","link":"https:\/\/radiotemuco.com\/home\/punto-mipe-un-apoyo-a-emprendimientos-y-pymes-de-la-araucania-a-traves-de-sercotec\/","title":{"rendered":"Punto Mipe: un apoyo a emprendimientos y pymes de La Araucan\u00eda a trav\u00e9s de Sercotec"},"content":{"rendered":"<p>Con el compromiso de seguir acompa\u00f1ando a las micro y peque\u00f1as empresas, Sercotec Araucan\u00eda pone a disposici\u00f3n de empresarios\/as y emprendedores\/as de la regi\u00f3n a Punto Mipe, un espacio de orientaci\u00f3n gratuita, cercana y personalizada sobre las distintas redes de fomento y financiamiento disponibles.<\/p>\n<p>La iniciativa, a cargo del Servicio de Cooperaci\u00f3n T\u00e9cnica del Estado (Sercotec), busca que usuarios y usuarias encuentren acompa\u00f1amiento en temas como postulaci\u00f3n a programas, ingreso al portal de Sercotec y recursos que puedan ayudar a impulsar proyectos de negocio.<\/p>\n<p>Asimismo, Punto Mipe Araucan\u00eda complementa este apoyo con jornadas de capacitaci\u00f3n en terreno, dise\u00f1adas para fortalecer las capacidades de microempresarios en torno a determinaci\u00f3n de precios y\u00a0 digitalizaci\u00f3n. De esta manera, no solo ofrece asesor\u00eda, sino que es un aliado estrat\u00e9gico en el desarrollo de herramientas pr\u00e1cticas para emprendimientos y micro y peque\u00f1as empresas.<\/p>\n<p>\u201cEl Punto Mipe es el nexo que tienen los usuarios de Sercotec con la informaci\u00f3n de la instituci\u00f3n, con oficina en Temuco y Angol. Resolvemos las dudas de los programas, orientamos, ayudamos en la recuperaci\u00f3n de clave y actualizaci\u00f3n de registros. Tambi\u00e9n realizamos capacitaciones en las comunas sobre la oferta program\u00e1tica y sobre c\u00f3mo manejar el negocio. Desde nuestra labor, sabemos que el estar correctamente informado permite tomar mejores decisiones\u201d, explic\u00f3 Danny Flores, jefe de Punto Mipe Araucan\u00eda.<\/p>\n<p>Desde Sercotec Araucan\u00eda, valoran a Punto Mipe como un servicio fundamental: \u201cPunto Mipe refleja el compromiso de Sercotec con emprendimientos y microempresas de la regi\u00f3n y nuestro objetivo de entregar un acompa\u00f1amiento y atenci\u00f3n cercana y resolutiva\u201d.<\/p>\n<p>Quienes deseen ponerse en contacto con Punto Mipe Araucan\u00eda, pueden hacerlo a trav\u00e9s de los n\u00fameros telef\u00f3nicos: 232425307, 232425309, 232425305 o acerc\u00e1ndose directamente a las oficinas ubicadas en Bernardo Ohiggins 480 en Temuco y Lautaro 226 en Angol. Horario de atenci\u00f3n de lunes a viernes de 09:00 a 13:00 hrs y 14:00 a 18:00 hrs.<\/p>\n","protected":false},"excerpt":{"rendered":"<p>Con el compromiso de seguir acompa\u00f1ando a las micro y peque\u00f1as empresas, Sercotec Araucan\u00eda pone a disposici\u00f3n de empresarios\/as y emprendedores\/as de la regi\u00f3n a Punto Mipe, un espacio de orientaci\u00f3n gratuita, cercana y personalizada sobre las distintas redes de fomento y financiamiento disponibles. La iniciativa, a cargo del Servicio de Cooperaci\u00f3n T\u00e9cnica del Estado (Sercotec), busca que usuarios y usuarias encuentren acompa\u00f1amiento en temas como postulaci\u00f3n a programas, ingreso al portal de Sercotec y recursos que puedan ayudar a impulsar proyectos de negocio. Asimismo, Punto Mipe Araucan\u00eda complementa este apoyo con jornadas de capacitaci\u00f3n en terreno, dise\u00f1adas para fortalecer las [&hellip;]<\/p>\n","protected":false},"author":2,"featured_media":24190,"comment_status":"closed","ping_status":"open","sticky":false,"template":"","format":"standard","meta":{"_crdt_document":"","_monsterinsights_skip_tracking":false,"_monsterinsights_sitenote_active":false,"_monsterinsights_sitenote_note":"","_monsterinsights_sitenote_category":0,"_jetpack_memberships_contains_paid_content":false,"footnotes":""},"categories":[8,7,2],"tags":[],"class_list":["post-24189","post","type-post","status-publish","format-standard","has-post-thumbnail","hentry","category-internacional","category-nacional","category-regionales"],"jetpack_featured_media_url":"https:\/\/radiotemuco.com\/home\/wp-content\/uploads\/2025\/09\/13.2-Charla-Renaico.jpeg","jetpack_sharing_enabled":true,"_links":{"self":[{"href":"https:\/\/radiotemuco.com\/home\/wp-json\/wp\/v2\/posts\/24189","targetHints":{"allow":["GET"]}}],"collection":[{"href":"https:\/\/radiotemuco.com\/home\/wp-json\/wp\/v2\/posts"}],"about":[{"href":"https:\/\/radiotemuco.com\/home\/wp-json\/wp\/v2\/types\/post"}],"author":[{"embeddable":true,"href":"https:\/\/radiotemuco.com\/home\/wp-json\/wp\/v2\/users\/2"}],"replies":[{"embeddable":true,"href":"https:\/\/radiotemuco.com\/home\/wp-json\/wp\/v2\/comments?post=24189"}],"version-history":[{"count":1,"href":"https:\/\/radiotemuco.com\/home\/wp-json\/wp\/v2\/posts\/24189\/revisions"}],"predecessor-version":[{"id":24191,"href":"https:\/\/radiotemuco.com\/home\/wp-json\/wp\/v2\/posts\/24189\/revisions\/24191"}],"wp:featuredmedia":[{"embeddable":true,"href":"https:\/\/radiotemuco.com\/home\/wp-json\/wp\/v2\/media\/24190"}],"wp:attachment":[{"href":"https:\/\/radiotemuco.com\/home\/wp-json\/wp\/v2\/media?parent=24189"}],"wp:term":[{"taxonomy":"category","embeddable":true,"href":"https:\/\/radiotemuco.com\/home\/wp-json\/wp\/v2\/categories?post=24189"},{"taxonomy":"post_tag","embeddable":true,"href":"https:\/\/radiotemuco.com\/home\/wp-json\/wp\/v2\/tags?post=24189"}],"curies":[{"name":"wp","href":"https:\/\/api.w.org\/{rel}","templated":true}]}}