{"id":24182,"date":"2025-09-03T10:03:21","date_gmt":"2025-09-03T10:03:21","guid":{"rendered":"https:\/\/radiotemuco.com\/home\/?p=24182"},"modified":"2025-09-03T10:03:21","modified_gmt":"2025-09-03T10:03:21","slug":"la-araucania-impulsa-la-electrificacion-rural-con-taller-que-reune-a-sus-32-municipalidades","status":"publish","type":"post","link":"https:\/\/radiotemuco.com\/home\/la-araucania-impulsa-la-electrificacion-rural-con-taller-que-reune-a-sus-32-municipalidades\/","title":{"rendered":"La Araucan\u00eda Impulsa la Electrificaci\u00f3n Rural con taller que re\u00fane a sus 32 municipalidades"},"content":{"rendered":"<div>Con la participaci\u00f3n de las 32 municipalidades de la regi\u00f3n se llev\u00f3 a cabo en el Auditorio de la Contralor\u00eda Regional de La Araucan\u00eda el \u201cTaller de Electrificaci\u00f3n Rural: Abordando los desaf\u00edos de la Pol\u00edtica Energ\u00e9tica Nacional\u201d. Organizado por la Unidad de Acceso y Mejoramiento El\u00e9ctrico de la Divisi\u00f3n de Acceso y Desarrollo Social (DADS) y la SEREMI de Energ\u00eda de La Araucan\u00eda, en colaboraci\u00f3n con el Gobierno Regional y la SEREMI de Desarrollo Social y Familia, el evento reuni\u00f3 a equipos de las SECPLAN y formuladores de proyectos municipales para fortalecer sus capacidades en la implementaci\u00f3n de iniciativas de acceso a la energ\u00eda el\u00e9ctrica.<\/div>\n<div><\/div>\n<div>El taller se centr\u00f3 en promover el acceso universal a la electricidad, un objetivo clave de la Pol\u00edtica Energ\u00e9tica Nacional que busca garantizar cobertura total para los hogares chilenos al 2030. Durante la jornada, los asistentes abordaron temas fundamentales para superar las brechas energ\u00e9ticas en zonas rurales de La Araucan\u00eda, con un enfoque en soluciones pr\u00e1cticas y sostenibles.<\/div>\n<div><\/div>\n<div>Entre los temas tratados, se destac\u00f3 la exposici\u00f3n sobre pobreza energ\u00e9tica y los lineamientos de la Pol\u00edtica Energ\u00e9tica Nacional 2050, presentada por Andrea V\u00e1squez, de la DADS. Tambi\u00e9n se analizaron las brechas de acceso energ\u00e9tico en la regi\u00f3n, a cargo de Gisela Vargas, de la SEREMI de Energ\u00eda, y Luis Serrano, de la DADS, quienes resaltaron los desaf\u00edos en comunidades rurales e ind\u00edgenas.<\/div>\n<div><\/div>\n<div>Otro segmento clave abord\u00f3 la inversi\u00f3n p\u00fablica, con una presentaci\u00f3n sobre el Sistema Nacional de Inversiones por Crist\u00f3bal Oyarz\u00fan, de la SEREMI de Desarrollo Social y Familia, y la metodolog\u00eda para proyectos de electrificaci\u00f3n rural, explicada por Ra\u00fal Morales y Tomislav Roje, de la DADS. Adem\u00e1s, se profundiz\u00f3 en la formulaci\u00f3n de proyectos, liderada por Pablo Weber, jefe de la Unidad de Acceso y Mejoramiento El\u00e9ctrico; las servidumbres el\u00e9ctricas en terrenos ind\u00edgenas, a cargo de Edgardo \u00d1anculef, del Gobierno Regional; y los procedimientos de visaci\u00f3n t\u00e9cnica, presentados por Crist\u00f3bal Eastman, de la DADS.<\/div>\n<div><\/div>\n<div>La asistencia de todas las municipalidades de La Araucan\u00eda evidencia el compromiso regional por reducir la pobreza energ\u00e9tica y mejorar la calidad de vida en sectores vulnerables. Este taller refuerza los esfuerzos conjuntos para avanzar hacia un desarrollo energ\u00e9tico inclusivo y sostenible.<\/div>\n<div><\/div>\n<div>El Seremi de Energ\u00eda, Camilo Villagr\u00e1n, destac\u00f3 el impacto de la iniciativa: \u201cEste taller marca un avance significativo en nuestra meta de llevar electricidad a cada hogar de La Araucan\u00eda. La colaboraci\u00f3n con los municipios nos permite construir soluciones concretas que transformen la vida de nuestras comunidades, especialmente en las zonas m\u00e1s aisladas, avanzando hacia un futuro energ\u00e9tico m\u00e1s equitativo\u201d.<\/div>\n","protected":false},"excerpt":{"rendered":"<p>Con la participaci\u00f3n de las 32 municipalidades de la regi\u00f3n se llev\u00f3 a cabo en el Auditorio de la Contralor\u00eda Regional de La Araucan\u00eda el \u201cTaller de Electrificaci\u00f3n Rural: Abordando los desaf\u00edos de la Pol\u00edtica Energ\u00e9tica Nacional\u201d. Organizado por la Unidad de Acceso y Mejoramiento El\u00e9ctrico de la Divisi\u00f3n de Acceso y Desarrollo Social (DADS) y la SEREMI de Energ\u00eda de La Araucan\u00eda, en colaboraci\u00f3n con el Gobierno Regional y la SEREMI de Desarrollo Social y Familia, el evento reuni\u00f3 a equipos de las SECPLAN y formuladores de proyectos municipales para fortalecer sus capacidades en la implementaci\u00f3n de iniciativas de acceso [&hellip;]<\/p>\n","protected":false},"author":2,"featured_media":24183,"comment_status":"closed","ping_status":"open","sticky":false,"template":"","format":"standard","meta":{"_crdt_document":"","_monsterinsights_skip_tracking":false,"_monsterinsights_sitenote_active":false,"_monsterinsights_sitenote_note":"","_monsterinsights_sitenote_category":0,"_jetpack_memberships_contains_paid_content":false,"footnotes":""},"categories":[8,7,2],"tags":[],"class_list":["post-24182","post","type-post","status-publish","format-standard","has-post-thumbnail","hentry","category-internacional","category-nacional","category-regionales"],"jetpack_featured_media_url":"https:\/\/radiotemuco.com\/home\/wp-content\/uploads\/2025\/09\/89e89f9a-6e8d-416b-8f7b-7a92c420c75e.jpg","jetpack_sharing_enabled":true,"_links":{"self":[{"href":"https:\/\/radiotemuco.com\/home\/wp-json\/wp\/v2\/posts\/24182","targetHints":{"allow":["GET"]}}],"collection":[{"href":"https:\/\/radiotemuco.com\/home\/wp-json\/wp\/v2\/posts"}],"about":[{"href":"https:\/\/radiotemuco.com\/home\/wp-json\/wp\/v2\/types\/post"}],"author":[{"embeddable":true,"href":"https:\/\/radiotemuco.com\/home\/wp-json\/wp\/v2\/users\/2"}],"replies":[{"embeddable":true,"href":"https:\/\/radiotemuco.com\/home\/wp-json\/wp\/v2\/comments?post=24182"}],"version-history":[{"count":1,"href":"https:\/\/radiotemuco.com\/home\/wp-json\/wp\/v2\/posts\/24182\/revisions"}],"predecessor-version":[{"id":24184,"href":"https:\/\/radiotemuco.com\/home\/wp-json\/wp\/v2\/posts\/24182\/revisions\/24184"}],"wp:featuredmedia":[{"embeddable":true,"href":"https:\/\/radiotemuco.com\/home\/wp-json\/wp\/v2\/media\/24183"}],"wp:attachment":[{"href":"https:\/\/radiotemuco.com\/home\/wp-json\/wp\/v2\/media?parent=24182"}],"wp:term":[{"taxonomy":"category","embeddable":true,"href":"https:\/\/radiotemuco.com\/home\/wp-json\/wp\/v2\/categories?post=24182"},{"taxonomy":"post_tag","embeddable":true,"href":"https:\/\/radiotemuco.com\/home\/wp-json\/wp\/v2\/tags?post=24182"}],"curies":[{"name":"wp","href":"https:\/\/api.w.org\/{rel}","templated":true}]}}