{"id":24176,"date":"2025-09-02T10:20:31","date_gmt":"2025-09-02T10:20:31","guid":{"rendered":"https:\/\/radiotemuco.com\/home\/?p=24176"},"modified":"2025-09-02T10:20:31","modified_gmt":"2025-09-02T10:20:31","slug":"a-traves-del-gerotraje-ust-temuco-impulsa-experiencia-unica-para-comprender-la-vida-de-las-personas-mayores","status":"publish","type":"post","link":"https:\/\/radiotemuco.com\/home\/a-traves-del-gerotraje-ust-temuco-impulsa-experiencia-unica-para-comprender-la-vida-de-las-personas-mayores\/","title":{"rendered":"A trav\u00e9s del Gerotraje UST Temuco impulsa experiencia \u00fanica para comprender la vida de las personas mayores"},"content":{"rendered":"<p>Con el objetivo de sensibilizar a la comunidad y generar mayor empat\u00eda hacia los adultos mayores, la Universidad Santo Tom\u00e1s Temuco, a trav\u00e9s de sus doctores e investigadores, desarroll\u00f3 junto a la Municipalidad de Temuco una innovadora actividad que permiti\u00f3 a funcionarios municipales, j\u00f3venes y estudiantes vivir en primera persona los desaf\u00edos del envejecimiento.<\/p>\n<p>La jornada se llev\u00f3 a cabo con el Simulador Gerontol\u00f3gico (GERT), una herramienta cient\u00edfica creada por especialistas de la Universidad Santo Tom\u00e1s, que permite experimentar de manera inmersiva las limitaciones f\u00edsicas y sensoriales que enfrentan las personas mayores, como la p\u00e9rdida de fuerza, visi\u00f3n, audici\u00f3n y movilidad.<\/p>\n<p>Al respecto el profesor titular e investigador de la Escuela de Kinesiolog\u00eda de la Universidad Santo Tom\u00e1s Temuco, doctor Norman L\u00f3pez, sostuvo que <em>\u201cel proyecto busca sensibilizar a la comunidad sobre las dificultades que enfrentan las personas mayores en su vida cotidiana, fomentando la empat\u00eda intergeneracional y la reducci\u00f3n del edadismo. Para ello, se utiliza el Simulador Gerontol\u00f3gico (GERT), un traje que permite a los participantes experimentar de manera inmersiva las limitaciones f\u00edsicas y sensoriales propias del envejecimiento, tales como la disminuci\u00f3n de la movilidad, la p\u00e9rdida de fuerza, la visi\u00f3n reducida o los problemas auditivos\u201d. <\/em><\/p>\n<p>La iniciativa representa un paso importante en el compromiso de la Universidad Santo Tom\u00e1s con la comunidad regional, aportando conocimiento aplicado y acciones concretas que mejoran la convivencia intergeneracional y refuerzan la formaci\u00f3n con sentido de sus estudiantes.<\/p>\n<p>Durante la jornada inaugural, j\u00f3venes, adultos y adultos mayores pudieron vivir la experiencia del traje GERT, lo que gener\u00f3 reflexi\u00f3n respecto a la importancia de construir comunidades inclusivas y solidarias. Adem\u00e1s, se entregaron recomendaciones para adoptar estilos de vida saludables que favorezcan un envejecimiento activo, entre ellas la pr\u00e1ctica regular de actividad f\u00edsica, una alimentaci\u00f3n equilibrada y el fortalecimiento de redes sociales y familiares.<\/p>\n<p><em>\u201cCon este proyecto buscamos derribar prejuicios y aumentar la comprensi\u00f3n sobre lo que significa envejecer. Queremos que la sociedad valore el rol de las personas mayores y que se promuevan h\u00e1bitos que permitan llegar a la vejez con mayor bienestar\u201d,<\/em> resalt\u00f3 L\u00f3pez.<\/p>\n<p><em>\u201cComo universidad, tenemos el compromiso de aportar a una sociedad m\u00e1s inclusiva y consciente de los desaf\u00edos que implica el envejecimiento. Con esta experiencia buscamos que las personas se pongan en el lugar de los adultos mayores y desde ah\u00ed fomentar el respeto, la empat\u00eda y la construcci\u00f3n de comunidades intergeneracionales m\u00e1s solidarias\u201d,<\/em> se\u00f1al\u00f3 la rectora de la UST Temuco, Rosemarie Junge.<\/p>\n<p>En esta iniciativa se encuentran participando las acad\u00e9micas Carol Sald\u00edas, Jessica Salvo y Catalina Sep\u00falveda, de las escuelas de Kinesiolog\u00eda y Enfermer\u00eda, respectivamente; adem\u00e1s, el proyecto cuenta con la participaci\u00f3n de las acad\u00e9micas de la sede UST de Antofagasta, Jocelyn Ram\u00edrez (kinesiolog\u00eda) y Daniela Robles (Nutrici\u00f3n y diet\u00e9tica).<\/p>\n<p>La iniciativa se desarrolla actualmente en la comuna de Temuco, mediante talleres vivenciales y actividades educativas en colegios, universidades y espacios comunitarios, con la meta de impactar a cientos de personas y contribuir a una sociedad m\u00e1s inclusiva.<\/p>\n<p><strong>COMPARTIENDO EXPERIENCIAS<\/strong><\/p>\n<p>La UST Temuco fue parte del Joven Palloza realizado este pasado fin de semana, instancia que reuni\u00f3 a distintas organizaciones en torno a actividades culturales, educativas y comunitarias dirigidas a la juventud local.<\/p>\n<p>En este marco, las estudiantes de Enfermer\u00eda participaron con la iniciativa \u201cExperimenta la Vejez\u201d, donde j\u00f3venes asistentes vivieron, mediante el uso del Gerotraje, las limitaciones propias del envejecimiento.<\/p>\n<p>La docente de la carrera de Enfermer\u00eda de UST Temuco, doctora Catalina Sep\u00falveda indic\u00f3 que <em>\u201cla actividad promovi\u00f3 la empat\u00eda, el respeto y la reflexi\u00f3n sobre el edadismo, destacando tanto el compromiso y profesionalismo de las estudiantes como la disposici\u00f3n de los participantes. Esta experiencia contribuye a la formaci\u00f3n de profesionales m\u00e1s humanos y a fomentar una cultura de inclusi\u00f3n y respeto hacia las personas mayores<\/em>\u201d.<\/p>\n","protected":false},"excerpt":{"rendered":"<p>Con el objetivo de sensibilizar a la comunidad y generar mayor empat\u00eda hacia los adultos mayores, la Universidad Santo Tom\u00e1s Temuco, a trav\u00e9s de sus doctores e investigadores, desarroll\u00f3 junto a la Municipalidad de Temuco una innovadora actividad que permiti\u00f3 a funcionarios municipales, j\u00f3venes y estudiantes vivir en primera persona los desaf\u00edos del envejecimiento. La jornada se llev\u00f3 a cabo con el Simulador Gerontol\u00f3gico (GERT), una herramienta cient\u00edfica creada por especialistas de la Universidad Santo Tom\u00e1s, que permite experimentar de manera inmersiva las limitaciones f\u00edsicas y sensoriales que enfrentan las personas mayores, como la p\u00e9rdida de fuerza, visi\u00f3n, audici\u00f3n y movilidad. [&hellip;]<\/p>\n","protected":false},"author":2,"featured_media":24177,"comment_status":"closed","ping_status":"open","sticky":false,"template":"","format":"standard","meta":{"_crdt_document":"","_monsterinsights_skip_tracking":false,"_monsterinsights_sitenote_active":false,"_monsterinsights_sitenote_note":"","_monsterinsights_sitenote_category":0,"_jetpack_memberships_contains_paid_content":false,"footnotes":""},"categories":[8,7,2],"tags":[],"class_list":["post-24176","post","type-post","status-publish","format-standard","has-post-thumbnail","hentry","category-internacional","category-nacional","category-regionales"],"jetpack_featured_media_url":"https:\/\/radiotemuco.com\/home\/wp-content\/uploads\/2025\/09\/Captura-de-pantalla-2025-09-02-060443.png","jetpack_sharing_enabled":true,"_links":{"self":[{"href":"https:\/\/radiotemuco.com\/home\/wp-json\/wp\/v2\/posts\/24176","targetHints":{"allow":["GET"]}}],"collection":[{"href":"https:\/\/radiotemuco.com\/home\/wp-json\/wp\/v2\/posts"}],"about":[{"href":"https:\/\/radiotemuco.com\/home\/wp-json\/wp\/v2\/types\/post"}],"author":[{"embeddable":true,"href":"https:\/\/radiotemuco.com\/home\/wp-json\/wp\/v2\/users\/2"}],"replies":[{"embeddable":true,"href":"https:\/\/radiotemuco.com\/home\/wp-json\/wp\/v2\/comments?post=24176"}],"version-history":[{"count":1,"href":"https:\/\/radiotemuco.com\/home\/wp-json\/wp\/v2\/posts\/24176\/revisions"}],"predecessor-version":[{"id":24178,"href":"https:\/\/radiotemuco.com\/home\/wp-json\/wp\/v2\/posts\/24176\/revisions\/24178"}],"wp:featuredmedia":[{"embeddable":true,"href":"https:\/\/radiotemuco.com\/home\/wp-json\/wp\/v2\/media\/24177"}],"wp:attachment":[{"href":"https:\/\/radiotemuco.com\/home\/wp-json\/wp\/v2\/media?parent=24176"}],"wp:term":[{"taxonomy":"category","embeddable":true,"href":"https:\/\/radiotemuco.com\/home\/wp-json\/wp\/v2\/categories?post=24176"},{"taxonomy":"post_tag","embeddable":true,"href":"https:\/\/radiotemuco.com\/home\/wp-json\/wp\/v2\/tags?post=24176"}],"curies":[{"name":"wp","href":"https:\/\/api.w.org\/{rel}","templated":true}]}}