{"id":24173,"date":"2025-09-02T10:14:07","date_gmt":"2025-09-02T10:14:07","guid":{"rendered":"https:\/\/radiotemuco.com\/home\/?p=24173"},"modified":"2025-09-02T10:14:07","modified_gmt":"2025-09-02T10:14:07","slug":"mtt-publica-bases-de-licitacion-de-51-buses-electricos-para-nuevo-sistema-de-transporte-en-villarrica","status":"publish","type":"post","link":"https:\/\/radiotemuco.com\/home\/mtt-publica-bases-de-licitacion-de-51-buses-electricos-para-nuevo-sistema-de-transporte-en-villarrica\/","title":{"rendered":"MTT publica bases de licitaci\u00f3n de 51 buses el\u00e9ctricos para nuevo sistema de transporte en Villarrica"},"content":{"rendered":"<p>Villarrica se acerca cada vez m\u00e1s hacia un nuevo sistema de transporte que transformar\u00e1 el d\u00eda a d\u00eda de sus vecinas y vecinos, ya que este 28 de agosto el Ministerio de Transportes y Telecomunicaciones (MTT) public\u00f3 las bases de licitaci\u00f3n para el servicio de los nuevos 51 buses el\u00e9ctricos que operar\u00e1n en la zona.<\/p>\n<p>\u201cComo Gobierno seguimos avanzando, emparejando la cancha entre las regiones de nuestro pa\u00eds por medio de m\u00e1s y mejor transporte y conectividad. En este caso se trata de una nueva licitaci\u00f3n, la cual permitir\u00e1 no s\u00f3lo que la electromovilidad llegue hasta las calles de Villarrica, sino tambi\u00e9n aumentar en un 40% los buses en calle, mejorando la frecuencia y regularidad de los servicios. Este proyecto mejorar\u00e1 de manera clara la calidad de vida de las personas de la zona\u201d, afirm\u00f3 el ministro Juan Carlos Mu\u00f1oz<\/p>\n<p>Cabe se\u00f1alar que los veh\u00edculos ser\u00e1n 100% el\u00e9ctricos y de alto est\u00e1ndar. Adem\u00e1s, el MTT, junto a Desarrollo Pa\u00eds, ser\u00e1n las instituciones responsables de la compra de los terrenos y construcci\u00f3n de los dos centros de carga que se requerir\u00e1n para proveer de energ\u00eda el\u00e9ctrica a los buses.<\/p>\n<p>Las bases de licitaci\u00f3n est\u00e1n publicadas en <a href=\"http:\/\/www.dtpr.gob.cl\">www.dtpr.gob.cl<\/a>, y podr\u00e1n ser adquiridas desde el 28 de agosto hasta el 11 de septiembre. La calendarizaci\u00f3n del proceso tambi\u00e9n puede ser revisada en el mismo sitio.<\/p>\n","protected":false},"excerpt":{"rendered":"<p>Villarrica se acerca cada vez m\u00e1s hacia un nuevo sistema de transporte que transformar\u00e1 el d\u00eda a d\u00eda de sus vecinas y vecinos, ya que este 28 de agosto el Ministerio de Transportes y Telecomunicaciones (MTT) public\u00f3 las bases de licitaci\u00f3n para el servicio de los nuevos 51 buses el\u00e9ctricos que operar\u00e1n en la zona. \u201cComo Gobierno seguimos avanzando, emparejando la cancha entre las regiones de nuestro pa\u00eds por medio de m\u00e1s y mejor transporte y conectividad. En este caso se trata de una nueva licitaci\u00f3n, la cual permitir\u00e1 no s\u00f3lo que la electromovilidad llegue hasta las calles de Villarrica, sino [&hellip;]<\/p>\n","protected":false},"author":2,"featured_media":24174,"comment_status":"closed","ping_status":"open","sticky":false,"template":"","format":"standard","meta":{"_crdt_document":"","_monsterinsights_skip_tracking":false,"_monsterinsights_sitenote_active":false,"_monsterinsights_sitenote_note":"","_monsterinsights_sitenote_category":0,"_jetpack_memberships_contains_paid_content":false,"footnotes":""},"categories":[8,7,2],"tags":[],"class_list":["post-24173","post","type-post","status-publish","format-standard","has-post-thumbnail","hentry","category-internacional","category-nacional","category-regionales"],"jetpack_featured_media_url":"https:\/\/radiotemuco.com\/home\/wp-content\/uploads\/2025\/09\/IMG_0414-scaled.jpg","jetpack_sharing_enabled":true,"_links":{"self":[{"href":"https:\/\/radiotemuco.com\/home\/wp-json\/wp\/v2\/posts\/24173","targetHints":{"allow":["GET"]}}],"collection":[{"href":"https:\/\/radiotemuco.com\/home\/wp-json\/wp\/v2\/posts"}],"about":[{"href":"https:\/\/radiotemuco.com\/home\/wp-json\/wp\/v2\/types\/post"}],"author":[{"embeddable":true,"href":"https:\/\/radiotemuco.com\/home\/wp-json\/wp\/v2\/users\/2"}],"replies":[{"embeddable":true,"href":"https:\/\/radiotemuco.com\/home\/wp-json\/wp\/v2\/comments?post=24173"}],"version-history":[{"count":1,"href":"https:\/\/radiotemuco.com\/home\/wp-json\/wp\/v2\/posts\/24173\/revisions"}],"predecessor-version":[{"id":24175,"href":"https:\/\/radiotemuco.com\/home\/wp-json\/wp\/v2\/posts\/24173\/revisions\/24175"}],"wp:featuredmedia":[{"embeddable":true,"href":"https:\/\/radiotemuco.com\/home\/wp-json\/wp\/v2\/media\/24174"}],"wp:attachment":[{"href":"https:\/\/radiotemuco.com\/home\/wp-json\/wp\/v2\/media?parent=24173"}],"wp:term":[{"taxonomy":"category","embeddable":true,"href":"https:\/\/radiotemuco.com\/home\/wp-json\/wp\/v2\/categories?post=24173"},{"taxonomy":"post_tag","embeddable":true,"href":"https:\/\/radiotemuco.com\/home\/wp-json\/wp\/v2\/tags?post=24173"}],"curies":[{"name":"wp","href":"https:\/\/api.w.org\/{rel}","templated":true}]}}