{"id":24167,"date":"2025-09-02T10:08:49","date_gmt":"2025-09-02T10:08:49","guid":{"rendered":"https:\/\/radiotemuco.com\/home\/?p=24167"},"modified":"2025-09-02T10:08:49","modified_gmt":"2025-09-02T10:08:49","slug":"funcionarios-de-la-red-asistencial-participaron-en-jornada-de-formacion-sobre-integridad-y-probidad-administrativa","status":"publish","type":"post","link":"https:\/\/radiotemuco.com\/home\/funcionarios-de-la-red-asistencial-participaron-en-jornada-de-formacion-sobre-integridad-y-probidad-administrativa\/","title":{"rendered":"Funcionarios de la red asistencial participaron en jornada de formaci\u00f3n sobre integridad y probidad administrativa"},"content":{"rendered":"<p>En el auditorio Ulises Valderrama, en Temuco, se desarroll\u00f3 una jornada de capacitaci\u00f3n orientada a la formaci\u00f3n y sensibilizaci\u00f3n de funcionarios y jefaturas de la Red Asistencial del Servicio de Salud Araucan\u00eda Sur en materias de integridad y probidad administrativa, adem\u00e1s de la implementaci\u00f3n de sistemas de integridad.<\/p>\n<p>La actividad se enmarca en el Plan Anual de Capacitaci\u00f3n (PAC) y cont\u00f3 con la participaci\u00f3n de funcionarios adscritos a las leyes 18.834 y 19.664, as\u00ed como de integrantes de los comit\u00e9s de integridad del propio Servicio y de los establecimientos de la red.<\/p>\n<p>En representaci\u00f3n del Servicio Civil asisti\u00f3 Daniela Carrizo Santiago, encargada de C\u00f3digos de \u00c9tica y Sistemas de Integridad del Estado, quien valor\u00f3 el encuentro como una instancia de cercan\u00eda y reflexi\u00f3n con el territorio.<\/p>\n<p>\u201cNos parece muy importante escuchar la mirada de los funcionarios y conocer c\u00f3mo se vive la integridad p\u00fablica en los distintos servicios. Estas jornadas permiten fortalecer el criterio \u00e9tico y generar v\u00ednculos m\u00e1s permanentes entre el Servicio Civil y las instituciones regionales, especialmente en el \u00e1mbito de la salud\u201d, se\u00f1al\u00f3 Carrizo.<\/p>\n<p>En la misma l\u00ednea, Hardy M\u00fcller, jefe de la Unidad de Bio\u00e9tica del Servicio de Salud Araucan\u00eda Sur, destac\u00f3 el valor de estas instancias para los equipos de la red asistencial.<\/p>\n<p>\u201cLa capacitaci\u00f3n permanente es fundamental para fortalecer la cultura organizacional. La integridad es un pilar de la funci\u00f3n p\u00fablica y espacios como esta jornada permiten reforzar ese compromiso en beneficio de la confianza de la ciudadan\u00eda\u201d, sostuvo.<\/p>\n<p>Durante el encuentro, los participantes abordaron reflexiones y herramientas pr\u00e1cticas para fortalecer la confianza p\u00fablica y el sentido de la funci\u00f3n estatal desde el ejercicio \u00e9tico y transparente del servicio a la comunidad.<\/p>\n","protected":false},"excerpt":{"rendered":"<p>En el auditorio Ulises Valderrama, en Temuco, se desarroll\u00f3 una jornada de capacitaci\u00f3n orientada a la formaci\u00f3n y sensibilizaci\u00f3n de funcionarios y jefaturas de la Red Asistencial del Servicio de Salud Araucan\u00eda Sur en materias de integridad y probidad administrativa, adem\u00e1s de la implementaci\u00f3n de sistemas de integridad. La actividad se enmarca en el Plan Anual de Capacitaci\u00f3n (PAC) y cont\u00f3 con la participaci\u00f3n de funcionarios adscritos a las leyes 18.834 y 19.664, as\u00ed como de integrantes de los comit\u00e9s de integridad del propio Servicio y de los establecimientos de la red. En representaci\u00f3n del Servicio Civil asisti\u00f3 Daniela Carrizo Santiago, [&hellip;]<\/p>\n","protected":false},"author":2,"featured_media":24168,"comment_status":"closed","ping_status":"open","sticky":false,"template":"","format":"standard","meta":{"_crdt_document":"","_monsterinsights_skip_tracking":false,"_monsterinsights_sitenote_active":false,"_monsterinsights_sitenote_note":"","_monsterinsights_sitenote_category":0,"_jetpack_memberships_contains_paid_content":false,"footnotes":""},"categories":[8,7,2],"tags":[],"class_list":["post-24167","post","type-post","status-publish","format-standard","has-post-thumbnail","hentry","category-internacional","category-nacional","category-regionales"],"jetpack_featured_media_url":"https:\/\/radiotemuco.com\/home\/wp-content\/uploads\/2025\/09\/Foto-nota-integridad.jpg","jetpack_sharing_enabled":true,"_links":{"self":[{"href":"https:\/\/radiotemuco.com\/home\/wp-json\/wp\/v2\/posts\/24167","targetHints":{"allow":["GET"]}}],"collection":[{"href":"https:\/\/radiotemuco.com\/home\/wp-json\/wp\/v2\/posts"}],"about":[{"href":"https:\/\/radiotemuco.com\/home\/wp-json\/wp\/v2\/types\/post"}],"author":[{"embeddable":true,"href":"https:\/\/radiotemuco.com\/home\/wp-json\/wp\/v2\/users\/2"}],"replies":[{"embeddable":true,"href":"https:\/\/radiotemuco.com\/home\/wp-json\/wp\/v2\/comments?post=24167"}],"version-history":[{"count":1,"href":"https:\/\/radiotemuco.com\/home\/wp-json\/wp\/v2\/posts\/24167\/revisions"}],"predecessor-version":[{"id":24169,"href":"https:\/\/radiotemuco.com\/home\/wp-json\/wp\/v2\/posts\/24167\/revisions\/24169"}],"wp:featuredmedia":[{"embeddable":true,"href":"https:\/\/radiotemuco.com\/home\/wp-json\/wp\/v2\/media\/24168"}],"wp:attachment":[{"href":"https:\/\/radiotemuco.com\/home\/wp-json\/wp\/v2\/media?parent=24167"}],"wp:term":[{"taxonomy":"category","embeddable":true,"href":"https:\/\/radiotemuco.com\/home\/wp-json\/wp\/v2\/categories?post=24167"},{"taxonomy":"post_tag","embeddable":true,"href":"https:\/\/radiotemuco.com\/home\/wp-json\/wp\/v2\/tags?post=24167"}],"curies":[{"name":"wp","href":"https:\/\/api.w.org\/{rel}","templated":true}]}}