{"id":24164,"date":"2025-09-02T10:04:03","date_gmt":"2025-09-02T10:04:03","guid":{"rendered":"https:\/\/radiotemuco.com\/home\/?p=24164"},"modified":"2025-09-02T10:04:03","modified_gmt":"2025-09-02T10:04:03","slug":"carabineros-de-la-zona-cop-conmemoro-el-dia-del-suboficial-mayor-en-pailahueque","status":"publish","type":"post","link":"https:\/\/radiotemuco.com\/home\/carabineros-de-la-zona-cop-conmemoro-el-dia-del-suboficial-mayor-en-pailahueque\/","title":{"rendered":"Carabineros de la Zona COP conmemor\u00f3 el D\u00eda del Suboficial Mayor en Pailahueque"},"content":{"rendered":"<p>Carabineros de Chile recibi\u00f3 el Mes de la Patria conmemorando el D\u00eda del Suboficial Mayor y la Zona Control Orden P\u00fablico (COP), en una ceremonia en el Complejo Policial Pailahueque, comuna de Ercilla, destac\u00f3 la trayectoria, dedicaci\u00f3n y sabidur\u00eda de quienes, con m\u00e1s de 30 a\u00f1os de servicio, son un pilar fundamental para la Instituci\u00f3n.<\/p>\n<p>La actividad fue presidida por el General Cristian Mansilla Varas, Jefe de la Zona COP, y cont\u00f3 con la participaci\u00f3n de Suboficiales Mayores de las unidades COP de la macrozona sur en servicio activo, en situaci\u00f3n de retiro y familiares.<\/p>\n<p>\u201cUstedes para nuestra Instituci\u00f3n y particularmente para nuestro General Director y el Alto Mando, son personas y Carabineros muy importantes, construyen una historia que se transforma en un legado, son un ejemplo de vocaci\u00f3n, servicio, trabajo. Es tan importante el sello que entregan a nuestra Instituci\u00f3n que no se olvida nunca (\u2026) les doy las gracias de todo coraz\u00f3n por la labor que hacen\u2026 conozco su trabajo, sus or\u00edgenes, yo soy hijo de Suboficial Mayor y s\u00e9 lo que significa ser Carabinero. No cambien nunca, cu\u00eddense y sigan adelante\u201d, se\u00f1al\u00f3 el General Mansilla.<\/p>\n<p>Con casi 33 a\u00f1os en Carabineros de Chile, para la Suboficial Mayor Ligia Toloza, es todo un orgullo y una tradici\u00f3n familiar vestir el verde uniforme: \u201cMi padre que en paz descanse era Suboficial Mayor\u2026 de cinco hermanos somos tres Suboficiales Mayores en servicio activo. Mi mensaje es que no perdamos nuestras tradiciones, nuestros valores, la m\u00edstica y sigamos enalteciendo a Carabineros de Chile\u201d.<\/p>\n<p>En tanto, para el Suboficial Mayor Eduardo Ormazabal, \u201ces un d\u00eda especial, en octubre cumplo 31 a\u00f1os en Carabineros de Chile\u2026 es una satisfacci\u00f3n personal y familiar haber alcanzado esta meta en esta Prefectura de Control de Orden P\u00fablico, ser Suboficial Mayor, que es un pilar fundamental para la Instituci\u00f3n\u201d.<\/p>\n<p>Durante la ceremonia, se realiz\u00f3 la imposici\u00f3n de medallas y piochas Honor y Lealtad a los Suboficiales Mayores que han alcanzado su m\u00e1ximo grado dentro de su escalaf\u00f3n. Asimismo, se entreg\u00f3 un galvano y bot\u00f3n a los Suboficiales Mayores en situaci\u00f3n de retiro.<\/p>\n<p>Todo finaliz\u00f3 con la entonaci\u00f3n del himno de Carabineros de Chile, un sentido homenaje a aquellos que han alcanzado la c\u00faspide de su carrera en Carabineros con su liderazgo y lealtad, poniendo su experiencia al servicio de las nuevas generaciones, representando los valores m\u00e1s profundos de la Instituci\u00f3n de las Carabinas Cruzadas.<\/p>\n","protected":false},"excerpt":{"rendered":"<p>Carabineros de Chile recibi\u00f3 el Mes de la Patria conmemorando el D\u00eda del Suboficial Mayor y la Zona Control Orden P\u00fablico (COP), en una ceremonia en el Complejo Policial Pailahueque, comuna de Ercilla, destac\u00f3 la trayectoria, dedicaci\u00f3n y sabidur\u00eda de quienes, con m\u00e1s de 30 a\u00f1os de servicio, son un pilar fundamental para la Instituci\u00f3n. La actividad fue presidida por el General Cristian Mansilla Varas, Jefe de la Zona COP, y cont\u00f3 con la participaci\u00f3n de Suboficiales Mayores de las unidades COP de la macrozona sur en servicio activo, en situaci\u00f3n de retiro y familiares. \u201cUstedes para nuestra Instituci\u00f3n y particularmente [&hellip;]<\/p>\n","protected":false},"author":2,"featured_media":24165,"comment_status":"closed","ping_status":"open","sticky":false,"template":"","format":"standard","meta":{"_crdt_document":"","_monsterinsights_skip_tracking":false,"_monsterinsights_sitenote_active":false,"_monsterinsights_sitenote_note":"","_monsterinsights_sitenote_category":0,"_jetpack_memberships_contains_paid_content":false,"footnotes":""},"categories":[8,7,2],"tags":[],"class_list":["post-24164","post","type-post","status-publish","format-standard","has-post-thumbnail","hentry","category-internacional","category-nacional","category-regionales"],"jetpack_featured_media_url":"https:\/\/radiotemuco.com\/home\/wp-content\/uploads\/2025\/09\/CEREMONIA-SOM-PAILAHUEQUE-2025-scaled.jpg","jetpack_sharing_enabled":true,"_links":{"self":[{"href":"https:\/\/radiotemuco.com\/home\/wp-json\/wp\/v2\/posts\/24164","targetHints":{"allow":["GET"]}}],"collection":[{"href":"https:\/\/radiotemuco.com\/home\/wp-json\/wp\/v2\/posts"}],"about":[{"href":"https:\/\/radiotemuco.com\/home\/wp-json\/wp\/v2\/types\/post"}],"author":[{"embeddable":true,"href":"https:\/\/radiotemuco.com\/home\/wp-json\/wp\/v2\/users\/2"}],"replies":[{"embeddable":true,"href":"https:\/\/radiotemuco.com\/home\/wp-json\/wp\/v2\/comments?post=24164"}],"version-history":[{"count":1,"href":"https:\/\/radiotemuco.com\/home\/wp-json\/wp\/v2\/posts\/24164\/revisions"}],"predecessor-version":[{"id":24166,"href":"https:\/\/radiotemuco.com\/home\/wp-json\/wp\/v2\/posts\/24164\/revisions\/24166"}],"wp:featuredmedia":[{"embeddable":true,"href":"https:\/\/radiotemuco.com\/home\/wp-json\/wp\/v2\/media\/24165"}],"wp:attachment":[{"href":"https:\/\/radiotemuco.com\/home\/wp-json\/wp\/v2\/media?parent=24164"}],"wp:term":[{"taxonomy":"category","embeddable":true,"href":"https:\/\/radiotemuco.com\/home\/wp-json\/wp\/v2\/categories?post=24164"},{"taxonomy":"post_tag","embeddable":true,"href":"https:\/\/radiotemuco.com\/home\/wp-json\/wp\/v2\/tags?post=24164"}],"curies":[{"name":"wp","href":"https:\/\/api.w.org\/{rel}","templated":true}]}}