{"id":24156,"date":"2025-09-01T10:25:44","date_gmt":"2025-09-01T10:25:44","guid":{"rendered":"https:\/\/radiotemuco.com\/home\/?p=24156"},"modified":"2025-09-01T10:25:44","modified_gmt":"2025-09-01T10:25:44","slug":"seminario-araucania-futuro-reunio-a-lideres-empresariales-para-proyectar-las-oportunidades-de-la-region","status":"publish","type":"post","link":"https:\/\/radiotemuco.com\/home\/seminario-araucania-futuro-reunio-a-lideres-empresariales-para-proyectar-las-oportunidades-de-la-region\/","title":{"rendered":"Seminario \u201cAraucan\u00eda Futuro\u201d reuni\u00f3 a l\u00edderes empresariales para proyectar las oportunidades de la regi\u00f3n"},"content":{"rendered":"<p style=\"font-weight: 400;\">El seminario Araucan\u00eda Futuro: nuevas ideas para una regi\u00f3n con esperanza reuni\u00f3 en Temuco a un amplio grupo de l\u00edderes sociales, empresariales y gremiales, convocados en torno al inter\u00e9s de aportar al desarrollo de esta zona.<\/p>\n<p style=\"font-weight: 400;\">El encuentro, organizado por el centro de estudios IdeaPa\u00eds y la Sociedad de Fomento Agr\u00edcola de Temuco (SOFO), busca impulsar una Araucan\u00eda que re\ufb02exione y dialogue con una visi\u00f3n de futuro, para proyectar desde la academia y las nuevas generaciones de l\u00edderes un horizonte de desarrollo con esperanza.<\/p>\n<p style=\"font-weight: 400;\">\u201cNuestra regi\u00f3n merece debatir respecto a cu\u00e1l ser\u00e1 nuestro futuro. Este encuentro tiene por objetivo ver c\u00f3mo proyectamos nuestro desarrollo a partir de ideas y propuestas, asumiendo con realismo los desaf\u00edos que nos han marcado por d\u00e9cadas: la persistencia de la pobreza, la escasa inversi\u00f3n y una violencia rural que ha golpeado con fuerza a La Araucan\u00eda\u201d, sostuvo Carlo Rojas, secretario ejecutivo de SOFO.<\/p>\n<p style=\"font-weight: 400;\">Cristi\u00e1n Loewe, vicepresidente ejecutivo de IdeaPa\u00eds, destac\u00f3 la importancia que tiene la regi\u00f3n en el proceso de crecimiento en que se encuentra el centro de estudios: \u201cLa Araucan\u00eda est\u00e1 sometida a problemas inmediatos que muchas veces impiden pensar en largo plazo. Nuestro trabajo tiene que ver con proponer una mirada que salga un poco de la coyuntura y traer aqu\u00ed una oficina que permita la re\ufb02exi\u00f3n en pol\u00edtica p\u00fablica y formaci\u00f3n de j\u00f3venes, para poder ver los frutos en las pr\u00f3ximas generaciones\u201d.<\/p>\n<p style=\"font-weight: 400;\">El seminario cont\u00f3 con destacados expositores. Joaqu\u00edn Garc\u00eda-Huidobro, profesor de la Universidad de los Andes, entreg\u00f3 claves para comprender los principales cambios ideol\u00f3gicos que ha experimentado nuestro pa\u00eds en las \u00faltimas d\u00e9cadas, mientras que el rector de la Universidad Aut\u00f3noma, Teodoro Ribera, abord\u00f3 los desaf\u00edos y oportunidades de La Araucan\u00eda. El impacto de la crisis de representaci\u00f3n y la desconfianza ciudadana, en tanto, fue parte del segmento encabezado por el acad\u00e9mico y exdiputado Eduardo Saffirio.<\/p>\n<p style=\"font-weight: 400;\">El panel \u201cMiradas j\u00f3venes para una Araucan\u00eda con esperanza\u201d, en tanto, reuni\u00f3 a voces de nuevas generaciones: Jorge Cordero, cientista pol\u00edtico e investigador de Faro UDD; Francisca Game, abogada y docente universitaria; y Ra\u00fal Opazo, abogado e investigador de Faro UDD. Este espacio fue moderado por Gustavo D\u00edaz, abogado y exmiembro del Comit\u00e9 de Expertos de la Comisi\u00f3n Paz y Entendimiento.<\/p>\n<p style=\"font-weight: 400;\">\u201cEstamos muy contentos como gremio de poder ser parte de este encuentro de ideas con expositores de alto renombre a nivel nacional y regional. La alta convocatoria confirma la relevancia de este espacio y nos motiva a\u00fan m\u00e1s frente a la apertura de la oficina de IdeaPa\u00eds en la Araucan\u00eda, impulsado por j\u00f3venes l\u00edderes con ideales que merece la pena respaldar\u201d, concluy\u00f3 Rojas.<\/p>\n","protected":false},"excerpt":{"rendered":"<p>El seminario Araucan\u00eda Futuro: nuevas ideas para una regi\u00f3n con esperanza reuni\u00f3 en Temuco a un amplio grupo de l\u00edderes sociales, empresariales y gremiales, convocados en torno al inter\u00e9s de aportar al desarrollo de esta zona. El encuentro, organizado por el centro de estudios IdeaPa\u00eds y la Sociedad de Fomento Agr\u00edcola de Temuco (SOFO), busca impulsar una Araucan\u00eda que re\ufb02exione y dialogue con una visi\u00f3n de futuro, para proyectar desde la academia y las nuevas generaciones de l\u00edderes un horizonte de desarrollo con esperanza. \u201cNuestra regi\u00f3n merece debatir respecto a cu\u00e1l ser\u00e1 nuestro futuro. Este encuentro tiene por objetivo ver c\u00f3mo [&hellip;]<\/p>\n","protected":false},"author":2,"featured_media":24157,"comment_status":"closed","ping_status":"open","sticky":false,"template":"","format":"standard","meta":{"_crdt_document":"","_monsterinsights_skip_tracking":false,"_monsterinsights_sitenote_active":false,"_monsterinsights_sitenote_note":"","_monsterinsights_sitenote_category":0,"_jetpack_memberships_contains_paid_content":false,"footnotes":""},"categories":[8,7,2],"tags":[],"class_list":["post-24156","post","type-post","status-publish","format-standard","has-post-thumbnail","hentry","category-internacional","category-nacional","category-regionales"],"jetpack_featured_media_url":"https:\/\/radiotemuco.com\/home\/wp-content\/uploads\/2025\/09\/IMG-20250829-WA0054.jpg","jetpack_sharing_enabled":true,"_links":{"self":[{"href":"https:\/\/radiotemuco.com\/home\/wp-json\/wp\/v2\/posts\/24156","targetHints":{"allow":["GET"]}}],"collection":[{"href":"https:\/\/radiotemuco.com\/home\/wp-json\/wp\/v2\/posts"}],"about":[{"href":"https:\/\/radiotemuco.com\/home\/wp-json\/wp\/v2\/types\/post"}],"author":[{"embeddable":true,"href":"https:\/\/radiotemuco.com\/home\/wp-json\/wp\/v2\/users\/2"}],"replies":[{"embeddable":true,"href":"https:\/\/radiotemuco.com\/home\/wp-json\/wp\/v2\/comments?post=24156"}],"version-history":[{"count":1,"href":"https:\/\/radiotemuco.com\/home\/wp-json\/wp\/v2\/posts\/24156\/revisions"}],"predecessor-version":[{"id":24158,"href":"https:\/\/radiotemuco.com\/home\/wp-json\/wp\/v2\/posts\/24156\/revisions\/24158"}],"wp:featuredmedia":[{"embeddable":true,"href":"https:\/\/radiotemuco.com\/home\/wp-json\/wp\/v2\/media\/24157"}],"wp:attachment":[{"href":"https:\/\/radiotemuco.com\/home\/wp-json\/wp\/v2\/media?parent=24156"}],"wp:term":[{"taxonomy":"category","embeddable":true,"href":"https:\/\/radiotemuco.com\/home\/wp-json\/wp\/v2\/categories?post=24156"},{"taxonomy":"post_tag","embeddable":true,"href":"https:\/\/radiotemuco.com\/home\/wp-json\/wp\/v2\/tags?post=24156"}],"curies":[{"name":"wp","href":"https:\/\/api.w.org\/{rel}","templated":true}]}}