{"id":24149,"date":"2025-08-31T01:54:19","date_gmt":"2025-08-31T01:54:19","guid":{"rendered":"https:\/\/radiotemuco.com\/home\/?p=24149"},"modified":"2025-08-31T01:54:19","modified_gmt":"2025-08-31T01:54:19","slug":"deportes-temuco-rescata-un-empate-frente-a-curico-y-se-aleja-de-zona-de-liguilla","status":"publish","type":"post","link":"https:\/\/radiotemuco.com\/home\/deportes-temuco-rescata-un-empate-frente-a-curico-y-se-aleja-de-zona-de-liguilla\/","title":{"rendered":"Deportes Temuco rescata un empate frente a Curic\u00f3 y se aleja de zona de liguilla"},"content":{"rendered":"<p>El Pije igual\u00f3 1-1 ante Curic\u00f3 Unido en el Estadio Fiscal de Molina, un resultado que poco ayuda a las aspiraciones del equipo albiverde a llegar a zona de liguilla.<\/p>\n<p>El conjunto dirigido por Esteban Valencia comenz\u00f3 cuesta arriba el encuentro, luego que a los 35 minutos Nicol\u00e1s Fern\u00e1ndez aprovechara un rebote para abrir la cuenta para el elenco local. Sin embargo, la reacci\u00f3n fue inmediata: apenas tres minutos despu\u00e9s, Bryan Troncoso marc\u00f3 el empate para los temuquenses, decretando el marcador definitivo.<\/p>\n<p>En la segunda mitad, el duelo se mantuvo intenso y con llegadas en ambas porter\u00edas, pero sin la precisi\u00f3n necesaria para inclinar la balanza. El 1-1 final deja a Deportes Temuco en el puesto 11 con 27 puntos, a\u00fan lejos de los puestos de liguilla, mientras que Curic\u00f3 Unido se mantiene comprometido en la parte baja con 24 unidades.<\/p>\n<p>El pr\u00f3ximo desaf\u00edo para los albiverdes ser\u00e1 en casa, el viernes 6 de septiembre a las 17:30 horas recibir\u00e1n en el Estadio Germ\u00e1n Becker a Deportes Copiap\u00f3, en un duelo clave para intentar acercarse a la zona de privilegio y mejorar su irregular campa\u00f1a.<\/p>\n","protected":false},"excerpt":{"rendered":"<p>El Pije igual\u00f3 1-1 ante Curic\u00f3 Unido en el Estadio Fiscal de Molina, un resultado que poco ayuda a las aspiraciones del equipo albiverde a llegar a zona de liguilla. El conjunto dirigido por Esteban Valencia comenz\u00f3 cuesta arriba el encuentro, luego que a los 35 minutos Nicol\u00e1s Fern\u00e1ndez aprovechara un rebote para abrir la cuenta para el elenco local. Sin embargo, la reacci\u00f3n fue inmediata: apenas tres minutos despu\u00e9s, Bryan Troncoso marc\u00f3 el empate para los temuquenses, decretando el marcador definitivo. En la segunda mitad, el duelo se mantuvo intenso y con llegadas en ambas porter\u00edas, pero sin la precisi\u00f3n [&hellip;]<\/p>\n","protected":false},"author":2,"featured_media":24150,"comment_status":"closed","ping_status":"open","sticky":false,"template":"","format":"standard","meta":{"_crdt_document":"","_monsterinsights_skip_tracking":false,"_monsterinsights_sitenote_active":false,"_monsterinsights_sitenote_note":"","_monsterinsights_sitenote_category":0,"_jetpack_memberships_contains_paid_content":false,"footnotes":""},"categories":[3,8,7,2],"tags":[],"class_list":["post-24149","post","type-post","status-publish","format-standard","has-post-thumbnail","hentry","category-deportivas","category-internacional","category-nacional","category-regionales"],"jetpack_featured_media_url":"https:\/\/radiotemuco.com\/home\/wp-content\/uploads\/2025\/08\/WhatsApp-Image-2025-08-30-at-21.49.31-1.jpeg","jetpack_sharing_enabled":true,"_links":{"self":[{"href":"https:\/\/radiotemuco.com\/home\/wp-json\/wp\/v2\/posts\/24149","targetHints":{"allow":["GET"]}}],"collection":[{"href":"https:\/\/radiotemuco.com\/home\/wp-json\/wp\/v2\/posts"}],"about":[{"href":"https:\/\/radiotemuco.com\/home\/wp-json\/wp\/v2\/types\/post"}],"author":[{"embeddable":true,"href":"https:\/\/radiotemuco.com\/home\/wp-json\/wp\/v2\/users\/2"}],"replies":[{"embeddable":true,"href":"https:\/\/radiotemuco.com\/home\/wp-json\/wp\/v2\/comments?post=24149"}],"version-history":[{"count":1,"href":"https:\/\/radiotemuco.com\/home\/wp-json\/wp\/v2\/posts\/24149\/revisions"}],"predecessor-version":[{"id":24151,"href":"https:\/\/radiotemuco.com\/home\/wp-json\/wp\/v2\/posts\/24149\/revisions\/24151"}],"wp:featuredmedia":[{"embeddable":true,"href":"https:\/\/radiotemuco.com\/home\/wp-json\/wp\/v2\/media\/24150"}],"wp:attachment":[{"href":"https:\/\/radiotemuco.com\/home\/wp-json\/wp\/v2\/media?parent=24149"}],"wp:term":[{"taxonomy":"category","embeddable":true,"href":"https:\/\/radiotemuco.com\/home\/wp-json\/wp\/v2\/categories?post=24149"},{"taxonomy":"post_tag","embeddable":true,"href":"https:\/\/radiotemuco.com\/home\/wp-json\/wp\/v2\/tags?post=24149"}],"curies":[{"name":"wp","href":"https:\/\/api.w.org\/{rel}","templated":true}]}}