{"id":24145,"date":"2025-08-30T09:30:56","date_gmt":"2025-08-30T09:30:56","guid":{"rendered":"https:\/\/radiotemuco.com\/home\/?p=24145"},"modified":"2025-08-30T09:30:56","modified_gmt":"2025-08-30T09:30:56","slug":"decretan-prision-preventiva-para-15-imputados-en-operacion-imperio","status":"publish","type":"post","link":"https:\/\/radiotemuco.com\/home\/decretan-prision-preventiva-para-15-imputados-en-operacion-imperio\/","title":{"rendered":"Decretan prisi\u00f3n preventiva para 15 imputados en &#8220;Operaci\u00f3n Imperio&#8221;"},"content":{"rendered":"<p>El Juzgado de Garant\u00eda de Temuco decret\u00f3 la medida cautelar de\u00a0prisi\u00f3n preventiva para 15 imputados\u00a0en el marco de la investigaci\u00f3n por la\u00a0&#8220;Operaci\u00f3n Imperio&#8221;,\u00a0extensa investigaci\u00f3n de la Fiscal\u00eda y la PDI que desarticul\u00f3 a una gran organizaci\u00f3n criminal dedicada al lavado de activos.<\/p>\n<p>La justicia tambi\u00e9n estableci\u00f3\u00a0arresto domiciliario\u00a0total para cuatro imputados y arresto domiciliario parcial para otros tres individuos. Estos siete tambi\u00e9n quedaron con la medida de arraigo nacional.<\/p>\n<p>Desde la Fiscal\u00eda apelaron\u00a0verbalmente\u00a0a la medida\u00a0cautelar de menor intensidad de dos de los imputados, quienes quedar\u00e1n detenidos en tr\u00e1nsito hasta que se vea dicha apelaci\u00f3n en la\u00a0Corte de Apelaciones\u00a0de Temuco<\/p>\n<p>Los 22 imputados se suman a los otros 19 que ayer jueves quedaron con\u00a0arresto domiciliario y arraigo nacional, mientras que se defini\u00f3 un plazo de investigaci\u00f3n de 8 meses.<\/p>\n","protected":false},"excerpt":{"rendered":"<p>El Juzgado de Garant\u00eda de Temuco decret\u00f3 la medida cautelar de\u00a0prisi\u00f3n preventiva para 15 imputados\u00a0en el marco de la investigaci\u00f3n por la\u00a0&#8220;Operaci\u00f3n Imperio&#8221;,\u00a0extensa investigaci\u00f3n de la Fiscal\u00eda y la PDI que desarticul\u00f3 a una gran organizaci\u00f3n criminal dedicada al lavado de activos. La justicia tambi\u00e9n estableci\u00f3\u00a0arresto domiciliario\u00a0total para cuatro imputados y arresto domiciliario parcial para otros tres individuos. Estos siete tambi\u00e9n quedaron con la medida de arraigo nacional. Desde la Fiscal\u00eda apelaron\u00a0verbalmente\u00a0a la medida\u00a0cautelar de menor intensidad de dos de los imputados, quienes quedar\u00e1n detenidos en tr\u00e1nsito hasta que se vea dicha apelaci\u00f3n en la\u00a0Corte de Apelaciones\u00a0de Temuco Los 22 imputados [&hellip;]<\/p>\n","protected":false},"author":2,"featured_media":24146,"comment_status":"closed","ping_status":"open","sticky":false,"template":"","format":"standard","meta":{"_crdt_document":"","_monsterinsights_skip_tracking":false,"_monsterinsights_sitenote_active":false,"_monsterinsights_sitenote_note":"","_monsterinsights_sitenote_category":0,"_jetpack_memberships_contains_paid_content":false,"footnotes":""},"categories":[8,7,2],"tags":[],"class_list":["post-24145","post","type-post","status-publish","format-standard","has-post-thumbnail","hentry","category-internacional","category-nacional","category-regionales"],"jetpack_featured_media_url":"https:\/\/radiotemuco.com\/home\/wp-content\/uploads\/2025\/08\/Captura-de-pantalla-2025-08-30-a-las-05.24.58.png","jetpack_sharing_enabled":true,"_links":{"self":[{"href":"https:\/\/radiotemuco.com\/home\/wp-json\/wp\/v2\/posts\/24145","targetHints":{"allow":["GET"]}}],"collection":[{"href":"https:\/\/radiotemuco.com\/home\/wp-json\/wp\/v2\/posts"}],"about":[{"href":"https:\/\/radiotemuco.com\/home\/wp-json\/wp\/v2\/types\/post"}],"author":[{"embeddable":true,"href":"https:\/\/radiotemuco.com\/home\/wp-json\/wp\/v2\/users\/2"}],"replies":[{"embeddable":true,"href":"https:\/\/radiotemuco.com\/home\/wp-json\/wp\/v2\/comments?post=24145"}],"version-history":[{"count":1,"href":"https:\/\/radiotemuco.com\/home\/wp-json\/wp\/v2\/posts\/24145\/revisions"}],"predecessor-version":[{"id":24147,"href":"https:\/\/radiotemuco.com\/home\/wp-json\/wp\/v2\/posts\/24145\/revisions\/24147"}],"wp:featuredmedia":[{"embeddable":true,"href":"https:\/\/radiotemuco.com\/home\/wp-json\/wp\/v2\/media\/24146"}],"wp:attachment":[{"href":"https:\/\/radiotemuco.com\/home\/wp-json\/wp\/v2\/media?parent=24145"}],"wp:term":[{"taxonomy":"category","embeddable":true,"href":"https:\/\/radiotemuco.com\/home\/wp-json\/wp\/v2\/categories?post=24145"},{"taxonomy":"post_tag","embeddable":true,"href":"https:\/\/radiotemuco.com\/home\/wp-json\/wp\/v2\/tags?post=24145"}],"curies":[{"name":"wp","href":"https:\/\/api.w.org\/{rel}","templated":true}]}}