{"id":24142,"date":"2025-08-30T09:17:33","date_gmt":"2025-08-30T09:17:33","guid":{"rendered":"https:\/\/radiotemuco.com\/home\/?p=24142"},"modified":"2025-08-30T15:11:30","modified_gmt":"2025-08-30T15:11:30","slug":"gobierno-refuerza-la-seguridad-en-la-araucania-con-carabineros-y-fuerzas-armadas","status":"publish","type":"post","link":"https:\/\/radiotemuco.com\/home\/gobierno-refuerza-la-seguridad-en-la-araucania-con-carabineros-y-fuerzas-armadas\/","title":{"rendered":"Gobierno refuerza la seguridad en La Araucan\u00eda con Carabineros y Fuerzas Armadas"},"content":{"rendered":"<p>Una jornada de alto nivel de coordinaci\u00f3n interinstitucional se vivi\u00f3 en La Araucan\u00eda, donde el Seremi de Seguridad P\u00fablica encabez\u00f3 junto a autoridades policiales y militares de rango nacional y regional una serie de actividades destinadas a reforzar la seguridad en la zona. La instancia estuvo marcada por la presencia del Sub Jefe del Estado Mayor Conjunto, General de Ej\u00e9rcito Lionel Curtis, y del Jefe de la Defensa Nacional, General de Ej\u00e9rcito Alejandro Moreno, adem\u00e1s de mandos regionales de Carabineros y la Polic\u00eda de Investigaciones.<\/p>\n<p>La agenda comenz\u00f3 en la noche del 28 de agosto con la visita del Seremi a puntos de vigilancia en carretera, donde salud\u00f3 a personal de la Polic\u00eda de Control de Orden P\u00fablico (COP) en el marco de su 89\u00b0 aniversario. Junto al General Curtis y al Segundo mando de COP, se destac\u00f3 el esp\u00edritu de cuerpo, la tradici\u00f3n institucional y el compromiso de quienes cumplen funciones en condiciones muchas veces extremas para resguardar la tranquilidad de las familias de la regi\u00f3n.<\/p>\n<p>Durante la ma\u00f1ana del 29 de agosto, las actividades continuaron con un <strong>Comit\u00e9 Policial Extraordinario<\/strong> encabezado por el Seremi de Seguridad y el General Curtis, en el que participaron el General de Zona de Carabineros, altos mandos de la PDI y representantes de la Jefatura de la Defensa Nacional. La cita permiti\u00f3 revisar dispositivos de seguridad, afinar protocolos de respuesta y reforzar la coordinaci\u00f3n operativa entre las distintas instituciones.<\/p>\n<p>En el encuentro tambi\u00e9n se relev\u00f3 la labor de los equipos especializados que tambi\u00e9n se han desplegado en la regi\u00f3n, como los mandos nacionales del OS-9 y Labocar, especialistas en investigaci\u00f3n y peritaje cient\u00edfico, que trabajan junto a las polic\u00edas locales. Asimismo, se subray\u00f3 el rol de la Fuerza A\u00e9rea y de las Fuerzas Armadas en general, que han respaldado de manera permanente el despliegue liderado por el General Moreno.<\/p>\n<p>\u201cLo que queremos transmitir a la ciudadan\u00eda es un mensaje de unidad y tranquilidad: aqu\u00ed se trabaja en conjunto, con planificaci\u00f3n y profesionalismo, para asegurar la paz de las familias de La Araucan\u00eda. La coordinaci\u00f3n entre instituciones es la mayor garant\u00eda de que estos esfuerzos se traduzcan en resultados concretos\u201d, afirm\u00f3 el Seremi de Seguridad P\u00fablica.<\/p>\n","protected":false},"excerpt":{"rendered":"<p>Una jornada de alto nivel de coordinaci\u00f3n interinstitucional se vivi\u00f3 en La Araucan\u00eda, donde el Seremi de Seguridad P\u00fablica encabez\u00f3 junto a autoridades policiales y militares de rango nacional y regional una serie de actividades destinadas a reforzar la seguridad en la zona. La instancia estuvo marcada por la presencia del Sub Jefe del Estado Mayor Conjunto, General de Ej\u00e9rcito Lionel Curtis, y del Jefe de la Defensa Nacional, General de Ej\u00e9rcito Alejandro Moreno, adem\u00e1s de mandos regionales de Carabineros y la Polic\u00eda de Investigaciones. La agenda comenz\u00f3 en la noche del 28 de agosto con la visita del Seremi a [&hellip;]<\/p>\n","protected":false},"author":2,"featured_media":24143,"comment_status":"closed","ping_status":"open","sticky":false,"template":"","format":"standard","meta":{"_crdt_document":"","_monsterinsights_skip_tracking":false,"_monsterinsights_sitenote_active":false,"_monsterinsights_sitenote_note":"","_monsterinsights_sitenote_category":0,"_jetpack_memberships_contains_paid_content":false,"footnotes":""},"categories":[8,7,2],"tags":[],"class_list":["post-24142","post","type-post","status-publish","format-standard","has-post-thumbnail","hentry","category-internacional","category-nacional","category-regionales"],"jetpack_featured_media_url":"https:\/\/radiotemuco.com\/home\/wp-content\/uploads\/2025\/08\/Captura-de-pantalla-2025-08-30-a-las-05.15.33.png","jetpack_sharing_enabled":true,"_links":{"self":[{"href":"https:\/\/radiotemuco.com\/home\/wp-json\/wp\/v2\/posts\/24142","targetHints":{"allow":["GET"]}}],"collection":[{"href":"https:\/\/radiotemuco.com\/home\/wp-json\/wp\/v2\/posts"}],"about":[{"href":"https:\/\/radiotemuco.com\/home\/wp-json\/wp\/v2\/types\/post"}],"author":[{"embeddable":true,"href":"https:\/\/radiotemuco.com\/home\/wp-json\/wp\/v2\/users\/2"}],"replies":[{"embeddable":true,"href":"https:\/\/radiotemuco.com\/home\/wp-json\/wp\/v2\/comments?post=24142"}],"version-history":[{"count":2,"href":"https:\/\/radiotemuco.com\/home\/wp-json\/wp\/v2\/posts\/24142\/revisions"}],"predecessor-version":[{"id":24148,"href":"https:\/\/radiotemuco.com\/home\/wp-json\/wp\/v2\/posts\/24142\/revisions\/24148"}],"wp:featuredmedia":[{"embeddable":true,"href":"https:\/\/radiotemuco.com\/home\/wp-json\/wp\/v2\/media\/24143"}],"wp:attachment":[{"href":"https:\/\/radiotemuco.com\/home\/wp-json\/wp\/v2\/media?parent=24142"}],"wp:term":[{"taxonomy":"category","embeddable":true,"href":"https:\/\/radiotemuco.com\/home\/wp-json\/wp\/v2\/categories?post=24142"},{"taxonomy":"post_tag","embeddable":true,"href":"https:\/\/radiotemuco.com\/home\/wp-json\/wp\/v2\/tags?post=24142"}],"curies":[{"name":"wp","href":"https:\/\/api.w.org\/{rel}","templated":true}]}}