{"id":24135,"date":"2025-08-29T10:09:29","date_gmt":"2025-08-29T10:09:29","guid":{"rendered":"https:\/\/radiotemuco.com\/home\/?p=24135"},"modified":"2025-08-29T10:09:29","modified_gmt":"2025-08-29T10:09:29","slug":"hospital-de-puerto-saavedra-formo-a-26-vecinos-como-activos-comunitarios-en-salud","status":"publish","type":"post","link":"https:\/\/radiotemuco.com\/home\/hospital-de-puerto-saavedra-formo-a-26-vecinos-como-activos-comunitarios-en-salud\/","title":{"rendered":"Hospital de Puerto Saavedra form\u00f3 a 26 vecinos como Activos Comunitarios en Salud"},"content":{"rendered":"<p><span style=\"font-family: tahoma, sans-serif;\">Con el prop\u00f3sito de acercar la salud al territorio y fortalecer la relaci\u00f3n entre el hospital y la comunidad, el Hospital Familiar y Comunitario de Puerto Saavedra finaliz\u00f3 el Curso B\u00e1sico para Activos Comunitarios en Salud, instancia que certific\u00f3 a 26 vecinos y vecinas de la comuna.<\/span><\/p>\n<p><span style=\"font-family: tahoma, sans-serif;\">La iniciativa surgi\u00f3 a partir del diagn\u00f3stico participativo realizado en 2024, donde la propia comunidad manifest\u00f3 la necesidad de contar con mayores conocimientos en salud. Frente a ello, el hospital dise\u00f1\u00f3 este programa formativo, respaldado por la direcci\u00f3n y el comit\u00e9 gestor, enmarcado en el modelo de atenci\u00f3n integral.<\/span><\/p>\n<p><span style=\"font-family: tahoma, sans-serif;\">El curso abord\u00f3 distintas tem\u00e1ticas distribuidas en m\u00f3dulos te\u00f3rico-pr\u00e1cticos: salud comunitaria y planificaci\u00f3n de proyectos, salud mental, salud cardiovascular, y t\u00e9cnicas de movilizaci\u00f3n de personas con dependencia severa. Las clases estuvieron a cargo de profesionales del establecimiento, entre ellos m\u00e9dicos, psic\u00f3logos, enfermeras y kinesi\u00f3logos.<\/span><\/p>\n<p><span style=\"font-family: tahoma, sans-serif;\">La m\u00e9dico\u00a0de familia y coordinadora del curso, Beatriz Machuca, explic\u00f3 que la propuesta busc\u00f3 \u201cdar herramientas b\u00e1sicas a la comunidad, tanto para reconocer signos de alarma como para apoyar en la prevenci\u00f3n. La idea siempre fue que este conocimiento fuera por y para la comunidad\u201d.<\/span><\/p>\n<p><span style=\"font-family: tahoma, sans-serif;\">Por su parte, la directora del hospital, Fernanda Contreras, valor\u00f3 la alta convocatoria y el compromiso demostrado: \u201cPara nosotros fue muy importante, porque gener\u00f3 una mayor vinculaci\u00f3n entre la comunidad y el hospital. Los participantes se sienten agradecidos de los conocimientos entregados, y eso fortalece la relaci\u00f3n entre nuestros profesionales y la poblaci\u00f3n\u201d.<\/span><\/p>\n<p><span style=\"font-family: tahoma, sans-serif;\">Los participantes destacaron tambi\u00e9n el valor de esta experiencia. Mar\u00eda C\u00e1ceres, dirigente de la Junta de Vecinos N.\u00ba 1 Cornelio Saavedra, se\u00f1al\u00f3 que \u201ceste curso fue muy importante porque nos entreg\u00f3 herramientas para afrontar situaciones en la comunidad. Adem\u00e1s, pudimos replicar lo aprendido en actividades comunitarias\u201d.<\/span><\/p>\n<p><span style=\"font-family: tahoma, sans-serif;\">En la misma l\u00ednea, Patricia Huichaqueo, vecina que realiza visitas domiciliarias a personas vulnerables, indic\u00f3 que la capacitaci\u00f3n \u201cme entreg\u00f3 los mejores recursos, desde c\u00f3mo movilizar a personas con discapacidad hasta c\u00f3mo tomar la glicemia o la presi\u00f3n. Esto me ayuda a seguir apoyando a quienes m\u00e1s lo necesitan\u201d.<\/span><\/p>\n<p><span style=\"font-family: tahoma, sans-serif;\">La formaci\u00f3n concluy\u00f3 con la ejecuci\u00f3n de\u00a0micro proyectos\u00a0comunitarios, dise\u00f1ados y realizados por los propios participantes, instancia que permiti\u00f3 aplicar los conocimientos adquiridos y reforzar el rol de la comunidad como actor activo en el cuidado de la salud.<\/span><\/p>\n","protected":false},"excerpt":{"rendered":"<p>Con el prop\u00f3sito de acercar la salud al territorio y fortalecer la relaci\u00f3n entre el hospital y la comunidad, el Hospital Familiar y Comunitario de Puerto Saavedra finaliz\u00f3 el Curso B\u00e1sico para Activos Comunitarios en Salud, instancia que certific\u00f3 a 26 vecinos y vecinas de la comuna. La iniciativa surgi\u00f3 a partir del diagn\u00f3stico participativo realizado en 2024, donde la propia comunidad manifest\u00f3 la necesidad de contar con mayores conocimientos en salud. Frente a ello, el hospital dise\u00f1\u00f3 este programa formativo, respaldado por la direcci\u00f3n y el comit\u00e9 gestor, enmarcado en el modelo de atenci\u00f3n integral. El curso abord\u00f3 distintas tem\u00e1ticas [&hellip;]<\/p>\n","protected":false},"author":2,"featured_media":24136,"comment_status":"closed","ping_status":"open","sticky":false,"template":"","format":"standard","meta":{"_crdt_document":"","_monsterinsights_skip_tracking":false,"_monsterinsights_sitenote_active":false,"_monsterinsights_sitenote_note":"","_monsterinsights_sitenote_category":0,"_jetpack_memberships_contains_paid_content":false,"footnotes":""},"categories":[8,7,2],"tags":[],"class_list":["post-24135","post","type-post","status-publish","format-standard","has-post-thumbnail","hentry","category-internacional","category-nacional","category-regionales"],"jetpack_featured_media_url":"https:\/\/radiotemuco.com\/home\/wp-content\/uploads\/2025\/08\/WhatsApp-Image-2025-08-27-at-15.39.10-scaled.jpeg","jetpack_sharing_enabled":true,"_links":{"self":[{"href":"https:\/\/radiotemuco.com\/home\/wp-json\/wp\/v2\/posts\/24135","targetHints":{"allow":["GET"]}}],"collection":[{"href":"https:\/\/radiotemuco.com\/home\/wp-json\/wp\/v2\/posts"}],"about":[{"href":"https:\/\/radiotemuco.com\/home\/wp-json\/wp\/v2\/types\/post"}],"author":[{"embeddable":true,"href":"https:\/\/radiotemuco.com\/home\/wp-json\/wp\/v2\/users\/2"}],"replies":[{"embeddable":true,"href":"https:\/\/radiotemuco.com\/home\/wp-json\/wp\/v2\/comments?post=24135"}],"version-history":[{"count":1,"href":"https:\/\/radiotemuco.com\/home\/wp-json\/wp\/v2\/posts\/24135\/revisions"}],"predecessor-version":[{"id":24137,"href":"https:\/\/radiotemuco.com\/home\/wp-json\/wp\/v2\/posts\/24135\/revisions\/24137"}],"wp:featuredmedia":[{"embeddable":true,"href":"https:\/\/radiotemuco.com\/home\/wp-json\/wp\/v2\/media\/24136"}],"wp:attachment":[{"href":"https:\/\/radiotemuco.com\/home\/wp-json\/wp\/v2\/media?parent=24135"}],"wp:term":[{"taxonomy":"category","embeddable":true,"href":"https:\/\/radiotemuco.com\/home\/wp-json\/wp\/v2\/categories?post=24135"},{"taxonomy":"post_tag","embeddable":true,"href":"https:\/\/radiotemuco.com\/home\/wp-json\/wp\/v2\/tags?post=24135"}],"curies":[{"name":"wp","href":"https:\/\/api.w.org\/{rel}","templated":true}]}}