{"id":24132,"date":"2025-08-29T10:04:01","date_gmt":"2025-08-29T10:04:01","guid":{"rendered":"https:\/\/radiotemuco.com\/home\/?p=24132"},"modified":"2025-08-29T10:04:01","modified_gmt":"2025-08-29T10:04:01","slug":"estudiantes-de-ip-santo-tomas-temuco-se-inspiran-con-charla-de-marketing-emocional","status":"publish","type":"post","link":"https:\/\/radiotemuco.com\/home\/estudiantes-de-ip-santo-tomas-temuco-se-inspiran-con-charla-de-marketing-emocional\/","title":{"rendered":"Estudiantes de IP Santo Tom\u00e1s Temuco se inspiran con charla de marketing emocional"},"content":{"rendered":"<p>Con gran entusiasmo, los estudiantes de la carrera T\u00e9cnico en Dise\u00f1o Digital y Publicitario del Instituto Profesional Santo Tom\u00e1s Temuco participaron en una enriquecedora charla impartida por Mariana Lee, publicista y especialista en marketing emocional y vincular. Durante la jornada, la expositora comparti\u00f3 con los j\u00f3venes su trayectoria profesional, profundizando en conceptos clave como la definici\u00f3n y fundamentos del marketing, y destacando la diferencia entre vender un producto y crear una experiencia significativa para los consumidores.<\/p>\n<p>El encuentro tuvo como prop\u00f3sito motivar a los futuros profesionales del \u00e1rea a explorar nuevas formas de comunicar con sentido, entendiendo que el dise\u00f1o no se limita \u00fanicamente a la est\u00e9tica, sino que tambi\u00e9n constituye una herramienta poderosa para generar v\u00ednculos, transmitir emociones y aportar de manera positiva a la sociedad.<\/p>\n<p>La directora de la carrera de Dise\u00f1o Digital y Publicitario, Mar\u00eda Alicia Schwerter, valor\u00f3 la actividad y se\u00f1al\u00f3 que \u201cpara nosotros como \u00e1rea es muy importante entregarles diferentes herramientas a los estudiantes, en este caso en la tem\u00e1tica del marketing mostrar otra arista, donde Mariana explic\u00f3 muy bien la importancia de conectar, de c\u00f3mo se genera el v\u00ednculo con la marca, c\u00f3mo las emociones y lo que elegimos son parte del querer pertenecer y encontrar. Cada vez vemos m\u00e1s c\u00f3mo las empresas humanizan sus marcas y construyen relatos que creen relaciones que fidelicen a su p\u00fablico\u201d.<\/p>\n<p>Por su parte, la expositora Mariana Lee agradeci\u00f3 la instancia y subray\u00f3 la activa participaci\u00f3n de los estudiantes: \u201cagradezco enormemente la invitaci\u00f3n, me encant\u00f3 la oportunidad y estuve muy c\u00f3moda. Los estudiantes recepcionaron muy bien la informaci\u00f3n e hicieron preguntas muy relevantes, lo que es fant\u00e1stico. El marketing emocional es una experiencia, yo enfoco este tema usando la fisiolog\u00eda y neurofisiolog\u00eda de las personas, que m\u00e1s que la emocionalidad como tal, es ir a la parte del cerebro que tiene memorias cognitivas, som\u00e1ticas, corporales y activar esa parte\u201d.<\/p>\n<p>La actividad tambi\u00e9n fue una oportunidad para que los estudiantes reflexionaran sobre los desaf\u00edos actuales del dise\u00f1o y la publicidad, comprendiendo que las marcas, en un escenario altamente competitivo y digitalizado, buscan cada vez m\u00e1s estrategias que conecten con las personas desde la autenticidad, la confianza y la construcci\u00f3n de relatos coherentes con sus valores.<\/p>\n<p>En l\u00ednea con el Prop\u00f3sito Institucional de Santo Tom\u00e1s, formar personas con las competencias para transformar sus vidas e impactar positivamente en sus entornos, este tipo de instancias buscan que los estudiantes desarrollen habilidades t\u00e9cnicas y una visi\u00f3n cr\u00edtica y humana, capaces de proyectar su ejercicio profesional al servicio de la sociedad y del desarrollo sostenible.<\/p>\n<p>De esta manera, Santo Tom\u00e1s Temuco reafirma su compromiso con una formaci\u00f3n integral, entregando experiencias acad\u00e9micas que acercan a sus estudiantes a referentes del \u00e1mbito creativo, fomentando el pensamiento cr\u00edtico, la innovaci\u00f3n y la capacidad de proyectar su desarrollo profesional con inspiraci\u00f3n, prop\u00f3sito y responsabilidad social.<\/p>\n","protected":false},"excerpt":{"rendered":"<p>Con gran entusiasmo, los estudiantes de la carrera T\u00e9cnico en Dise\u00f1o Digital y Publicitario del Instituto Profesional Santo Tom\u00e1s Temuco participaron en una enriquecedora charla impartida por Mariana Lee, publicista y especialista en marketing emocional y vincular. Durante la jornada, la expositora comparti\u00f3 con los j\u00f3venes su trayectoria profesional, profundizando en conceptos clave como la definici\u00f3n y fundamentos del marketing, y destacando la diferencia entre vender un producto y crear una experiencia significativa para los consumidores. El encuentro tuvo como prop\u00f3sito motivar a los futuros profesionales del \u00e1rea a explorar nuevas formas de comunicar con sentido, entendiendo que el dise\u00f1o no [&hellip;]<\/p>\n","protected":false},"author":2,"featured_media":24133,"comment_status":"closed","ping_status":"open","sticky":false,"template":"","format":"standard","meta":{"_crdt_document":"","_monsterinsights_skip_tracking":false,"_monsterinsights_sitenote_active":false,"_monsterinsights_sitenote_note":"","_monsterinsights_sitenote_category":0,"_jetpack_memberships_contains_paid_content":false,"footnotes":""},"categories":[8,7,2],"tags":[],"class_list":["post-24132","post","type-post","status-publish","format-standard","has-post-thumbnail","hentry","category-internacional","category-nacional","category-regionales"],"jetpack_featured_media_url":"https:\/\/radiotemuco.com\/home\/wp-content\/uploads\/2025\/08\/Estudiantes-de-Diseno-Digital-y-Publicitario-del-IP-Santo-Tomas-Temuco-se-inspiran-con-charla-de-marketing-emocional-copia-copia-scaled.jpeg","jetpack_sharing_enabled":true,"_links":{"self":[{"href":"https:\/\/radiotemuco.com\/home\/wp-json\/wp\/v2\/posts\/24132","targetHints":{"allow":["GET"]}}],"collection":[{"href":"https:\/\/radiotemuco.com\/home\/wp-json\/wp\/v2\/posts"}],"about":[{"href":"https:\/\/radiotemuco.com\/home\/wp-json\/wp\/v2\/types\/post"}],"author":[{"embeddable":true,"href":"https:\/\/radiotemuco.com\/home\/wp-json\/wp\/v2\/users\/2"}],"replies":[{"embeddable":true,"href":"https:\/\/radiotemuco.com\/home\/wp-json\/wp\/v2\/comments?post=24132"}],"version-history":[{"count":1,"href":"https:\/\/radiotemuco.com\/home\/wp-json\/wp\/v2\/posts\/24132\/revisions"}],"predecessor-version":[{"id":24134,"href":"https:\/\/radiotemuco.com\/home\/wp-json\/wp\/v2\/posts\/24132\/revisions\/24134"}],"wp:featuredmedia":[{"embeddable":true,"href":"https:\/\/radiotemuco.com\/home\/wp-json\/wp\/v2\/media\/24133"}],"wp:attachment":[{"href":"https:\/\/radiotemuco.com\/home\/wp-json\/wp\/v2\/media?parent=24132"}],"wp:term":[{"taxonomy":"category","embeddable":true,"href":"https:\/\/radiotemuco.com\/home\/wp-json\/wp\/v2\/categories?post=24132"},{"taxonomy":"post_tag","embeddable":true,"href":"https:\/\/radiotemuco.com\/home\/wp-json\/wp\/v2\/tags?post=24132"}],"curies":[{"name":"wp","href":"https:\/\/api.w.org\/{rel}","templated":true}]}}