{"id":24129,"date":"2025-08-29T09:59:10","date_gmt":"2025-08-29T09:59:10","guid":{"rendered":"https:\/\/radiotemuco.com\/home\/?p=24129"},"modified":"2025-08-29T09:59:10","modified_gmt":"2025-08-29T09:59:10","slug":"dr-juan-manuel-fierro-es-electo-como-rector-de-la-universidad-de-la-frontera","status":"publish","type":"post","link":"https:\/\/radiotemuco.com\/home\/dr-juan-manuel-fierro-es-electo-como-rector-de-la-universidad-de-la-frontera\/","title":{"rendered":"Dr. Juan Manuel Fierro es electo como Rector de la Universidad de La Frontera"},"content":{"rendered":"<p>Culminado un proceso eleccionario el Dr. Juan Manuel Fierro Bustos fue electo como Rector de la <strong>Universidad de La Frontera<\/strong>\u00a0para el periodo 2025-2029, obteniendo el 62,67 de los votos v\u00e1lidamente emitidos.<\/p>\n<p>As\u00ed se dio a conocer en el escrutinio que tuvo lugar en la Sala 101 del Aula Magna Institucional este jueves 28 de agosto, en un ambiente de alta expectaci\u00f3n, por parte de cada uno de los comandos y de integrantes de la Comunidad Universitaria, quienes acompa\u00f1aron la espera de los resultados de las votaciones.<\/p>\n<p>De acuerdo al informe del Tribunal Calificador de Elecciones Acad\u00e9micas, TRICELA, de un total de 1.741 votos v\u00e1lidamente emitidos, el Dr. Juan Manuel Fierro obtuvo un 62,67 de los votos, imponi\u00e9ndose al Dr. Jorge Far\u00edas Avenda\u00f1o, quien obtuvo un 37,33% de las preferencias.<\/p>\n<p>&nbsp;<\/p>\n","protected":false},"excerpt":{"rendered":"<p>Culminado un proceso eleccionario el Dr. Juan Manuel Fierro Bustos fue electo como Rector de la Universidad de La Frontera\u00a0para el periodo 2025-2029, obteniendo el 62,67 de los votos v\u00e1lidamente emitidos. As\u00ed se dio a conocer en el escrutinio que tuvo lugar en la Sala 101 del Aula Magna Institucional este jueves 28 de agosto, en un ambiente de alta expectaci\u00f3n, por parte de cada uno de los comandos y de integrantes de la Comunidad Universitaria, quienes acompa\u00f1aron la espera de los resultados de las votaciones. De acuerdo al informe del Tribunal Calificador de Elecciones Acad\u00e9micas, TRICELA, de un total de [&hellip;]<\/p>\n","protected":false},"author":2,"featured_media":24130,"comment_status":"closed","ping_status":"open","sticky":false,"template":"","format":"standard","meta":{"_crdt_document":"","_monsterinsights_skip_tracking":false,"_monsterinsights_sitenote_active":false,"_monsterinsights_sitenote_note":"","_monsterinsights_sitenote_category":0,"_jetpack_memberships_contains_paid_content":false,"footnotes":""},"categories":[8,7,2],"tags":[],"class_list":["post-24129","post","type-post","status-publish","format-standard","has-post-thumbnail","hentry","category-internacional","category-nacional","category-regionales"],"jetpack_featured_media_url":"https:\/\/radiotemuco.com\/home\/wp-content\/uploads\/2025\/08\/WhatsApp-Image-2025-08-29-at-05.57.19.jpeg","jetpack_sharing_enabled":true,"_links":{"self":[{"href":"https:\/\/radiotemuco.com\/home\/wp-json\/wp\/v2\/posts\/24129","targetHints":{"allow":["GET"]}}],"collection":[{"href":"https:\/\/radiotemuco.com\/home\/wp-json\/wp\/v2\/posts"}],"about":[{"href":"https:\/\/radiotemuco.com\/home\/wp-json\/wp\/v2\/types\/post"}],"author":[{"embeddable":true,"href":"https:\/\/radiotemuco.com\/home\/wp-json\/wp\/v2\/users\/2"}],"replies":[{"embeddable":true,"href":"https:\/\/radiotemuco.com\/home\/wp-json\/wp\/v2\/comments?post=24129"}],"version-history":[{"count":1,"href":"https:\/\/radiotemuco.com\/home\/wp-json\/wp\/v2\/posts\/24129\/revisions"}],"predecessor-version":[{"id":24131,"href":"https:\/\/radiotemuco.com\/home\/wp-json\/wp\/v2\/posts\/24129\/revisions\/24131"}],"wp:featuredmedia":[{"embeddable":true,"href":"https:\/\/radiotemuco.com\/home\/wp-json\/wp\/v2\/media\/24130"}],"wp:attachment":[{"href":"https:\/\/radiotemuco.com\/home\/wp-json\/wp\/v2\/media?parent=24129"}],"wp:term":[{"taxonomy":"category","embeddable":true,"href":"https:\/\/radiotemuco.com\/home\/wp-json\/wp\/v2\/categories?post=24129"},{"taxonomy":"post_tag","embeddable":true,"href":"https:\/\/radiotemuco.com\/home\/wp-json\/wp\/v2\/tags?post=24129"}],"curies":[{"name":"wp","href":"https:\/\/api.w.org\/{rel}","templated":true}]}}