{"id":24116,"date":"2025-08-28T10:10:20","date_gmt":"2025-08-28T10:10:20","guid":{"rendered":"https:\/\/radiotemuco.com\/home\/?p=24116"},"modified":"2025-08-28T10:10:20","modified_gmt":"2025-08-28T10:10:20","slug":"grupo-entremares-cueca-romantica-fusionada-con-baladas-y-musica-popular-en-dreams","status":"publish","type":"post","link":"https:\/\/radiotemuco.com\/home\/grupo-entremares-cueca-romantica-fusionada-con-baladas-y-musica-popular-en-dreams\/","title":{"rendered":"Grupo \u201cEntremares\u201d: cueca rom\u00e1ntica fusionada con baladas y m\u00fasica popular en Dreams"},"content":{"rendered":"<p>Este viernes ser\u00e1 del debut del reconocido grupo \u201cEntremares\u201d que promete\u00a0 un show que no dejar\u00e1 a nadie indiferente. Nacido en 2012 en la Regi\u00f3n del Biob\u00edo, el conjunto cultiva la cueca rom\u00e1ntica fusionada con balada y m\u00fasica popular, abordando tem\u00e1ticas actuales. Con tres discos y colaboraciones con artistas nacionales, han ganado nuevos seguidores. Su presencia por todo el territorio nacional, incluye el Festival del Huaso de Olmu\u00e9 2023, donde fueron el n\u00famero musical m\u00e1s visto y coreado del evento.<\/p>\n<p><strong>Historia.<\/strong><\/p>\n<p>A lo largo de sus 11 a\u00f1os de trayectoria, la banda ha publicado tres producciones discogr\u00e1ficas y diversos sencillos en colaboraci\u00f3n con reconocidos artistas nacionales, logrando conquistar a oyentes que antes no se sent\u00edan atra\u00eddos por la cueca y que hoy siguen fielmente su m\u00fasica. \u201cNuestro sello y poder incursionar en nuevos g\u00e9neros, sin perder nuestra esencia, nos ha permitido crecer y llevar nuestra m\u00fasica a diferentes escenarios de nuestro pa\u00eds\u201d, se\u00f1al\u00f3 Mauro Stuardo, uno de sus integrantes.<\/p>\n<p><strong>M\u00fasica<\/strong><\/p>\n<p>Entremares se reconoce sobre todo dentro de la cueca rom\u00e1ntica, integrando toques de balada y elementos propios de la m\u00fasica popular de Chile, con temas que resaltan aquellos rasgos. \u201cNuestros temas rescatan parte de la tradici\u00f3n folcl\u00f3rica local, con un toque m\u00e1s rom\u00e1ntico, m\u00e1s evolucionado, un poco de balada, ritmo corrido. Buscamos aglutinar de todo un poco en nuestra performance\u201d, explic\u00f3 Stuardo.<\/p>\n<p>Dentro de los temas m\u00e1s reconocidos de la banda est\u00e1n \u201cTe Amo En Silencio\u201d, \u201cA Tu Lado\u201d, \u201cEl Sol y La Luna\u201d y \u201cCuanto Te Quiero\u201d, baladas que, sin dudas, sonar\u00e1n de manera arm\u00f3nica en la amplificaci\u00f3n del Lucky 7. \u201cPor supuesto que nuestros mayores \u00e9xitos ser\u00e1n escuchados por ustedes, tambi\u00e9n nuestras colaboraciones con otros artistas, que nos llenan de orgullo. Ser\u00e1 un men\u00fa contundente, preparado especialmente para el p\u00fablico\u201d, concluy\u00f3.<\/p>\n<p><strong>Debut<\/strong><\/p>\n<p>Ser\u00e1 el estreno de Entremares en el casino sure\u00f1o. El a\u00f1o pasado celebraron 12 a\u00f1os de trayectoria en Monticello. El m\u00fasico no escondi\u00f3 sus ganas de presentarse ante el p\u00fablico de La Araucan\u00eda. \u201cSomos del sur, del Biob\u00edo. Sabemos que Temuco tiene esa magia del sur y estar en invierno all\u00e1 tiene un aura especial, distinta. Tambi\u00e9n nos han contado que\u00a0 el temuquense es\u00a0 un\u00a0 p\u00fablico \u00a0cordial y apasionado. Esperamos que coreen las canciones con nosotros\u201d. cerr\u00f3.<\/p>\n<p>El show del grupo ser\u00e1 este viernes, no antes de las 23:00 hrs, en el escenario del restobar Lucky 7, en Dreams. El acceso es gratuito con la entrada al casino, cuyo importe total es en beneficio fiscal.<\/p>\n<p>&nbsp;<\/p>\n","protected":false},"excerpt":{"rendered":"<p>Este viernes ser\u00e1 del debut del reconocido grupo \u201cEntremares\u201d que promete\u00a0 un show que no dejar\u00e1 a nadie indiferente. Nacido en 2012 en la Regi\u00f3n del Biob\u00edo, el conjunto cultiva la cueca rom\u00e1ntica fusionada con balada y m\u00fasica popular, abordando tem\u00e1ticas actuales. Con tres discos y colaboraciones con artistas nacionales, han ganado nuevos seguidores. Su presencia por todo el territorio nacional, incluye el Festival del Huaso de Olmu\u00e9 2023, donde fueron el n\u00famero musical m\u00e1s visto y coreado del evento. Historia. A lo largo de sus 11 a\u00f1os de trayectoria, la banda ha publicado tres producciones discogr\u00e1ficas y diversos sencillos en [&hellip;]<\/p>\n","protected":false},"author":2,"featured_media":24117,"comment_status":"closed","ping_status":"open","sticky":false,"template":"","format":"standard","meta":{"_crdt_document":"","_monsterinsights_skip_tracking":false,"_monsterinsights_sitenote_active":false,"_monsterinsights_sitenote_note":"","_monsterinsights_sitenote_category":0,"_jetpack_memberships_contains_paid_content":false,"footnotes":""},"categories":[8,7,2],"tags":[],"class_list":["post-24116","post","type-post","status-publish","format-standard","has-post-thumbnail","hentry","category-internacional","category-nacional","category-regionales"],"jetpack_featured_media_url":"https:\/\/radiotemuco.com\/home\/wp-content\/uploads\/2025\/08\/FOTO-ENTREMARES-2025-.png","jetpack_sharing_enabled":true,"_links":{"self":[{"href":"https:\/\/radiotemuco.com\/home\/wp-json\/wp\/v2\/posts\/24116","targetHints":{"allow":["GET"]}}],"collection":[{"href":"https:\/\/radiotemuco.com\/home\/wp-json\/wp\/v2\/posts"}],"about":[{"href":"https:\/\/radiotemuco.com\/home\/wp-json\/wp\/v2\/types\/post"}],"author":[{"embeddable":true,"href":"https:\/\/radiotemuco.com\/home\/wp-json\/wp\/v2\/users\/2"}],"replies":[{"embeddable":true,"href":"https:\/\/radiotemuco.com\/home\/wp-json\/wp\/v2\/comments?post=24116"}],"version-history":[{"count":1,"href":"https:\/\/radiotemuco.com\/home\/wp-json\/wp\/v2\/posts\/24116\/revisions"}],"predecessor-version":[{"id":24118,"href":"https:\/\/radiotemuco.com\/home\/wp-json\/wp\/v2\/posts\/24116\/revisions\/24118"}],"wp:featuredmedia":[{"embeddable":true,"href":"https:\/\/radiotemuco.com\/home\/wp-json\/wp\/v2\/media\/24117"}],"wp:attachment":[{"href":"https:\/\/radiotemuco.com\/home\/wp-json\/wp\/v2\/media?parent=24116"}],"wp:term":[{"taxonomy":"category","embeddable":true,"href":"https:\/\/radiotemuco.com\/home\/wp-json\/wp\/v2\/categories?post=24116"},{"taxonomy":"post_tag","embeddable":true,"href":"https:\/\/radiotemuco.com\/home\/wp-json\/wp\/v2\/tags?post=24116"}],"curies":[{"name":"wp","href":"https:\/\/api.w.org\/{rel}","templated":true}]}}