{"id":24112,"date":"2025-08-27T10:03:41","date_gmt":"2025-08-27T10:03:41","guid":{"rendered":"https:\/\/radiotemuco.com\/home\/?p=24112"},"modified":"2025-08-27T10:03:41","modified_gmt":"2025-08-27T10:03:41","slug":"clinica-impulsa-mipe-culmina-exitoso-ciclo-de-asesorias-para-microempresarios-de-temuco","status":"publish","type":"post","link":"https:\/\/radiotemuco.com\/home\/clinica-impulsa-mipe-culmina-exitoso-ciclo-de-asesorias-para-microempresarios-de-temuco\/","title":{"rendered":"\u201cCl\u00ednica Impulsa MiPe\u201d: culmina exitoso ciclo de asesor\u00edas para microempresarios de Temuco"},"content":{"rendered":"<div>Con entusiasmo y sentido de comunidad se vivi\u00f3 la ceremonia de cierre del ciclo de talleres de la \u201cCl\u00ednica Impulsa MiPe\u201d, una iniciativa de asesor\u00eda empresarial impulsada por la carrera de Ingenier\u00eda en Administraci\u00f3n de la Universidad Aut\u00f3noma de Chile, Sede Temuco. El proyecto, enmarcado en un proyecto de Vinculaci\u00f3n con el Medio, tuvo como prop\u00f3sito entregar herramientas de gesti\u00f3n a micro y peque\u00f1as empresas (MiPes) locales, contribuyendo al desarrollo de iniciativas que generen valor y aumenten su competitividad.<\/div>\n<div><\/div>\n<div>Durante cuatro sesiones de capacitaci\u00f3n, 16 emprendedores del proyecto Escala de la Municipalidad de Temuco participaron en talleres que abordaron tem\u00e1ticas clave como marketing digital, an\u00e1lisis de costos, tributaci\u00f3n y fotograf\u00eda comercial. A trav\u00e9s de un enfoque experiencial y colaborativo, se busc\u00f3 no solo impactar positivamente en los resultados de sus negocios, sino tambi\u00e9n fortalecer el perfil de egreso de los estudiantes universitarios que participaron como facilitadores.<\/div>\n<div><\/div>\n<div><b>Catalina Mardones, coordinadora del proyecto Escala,<\/b>\u00a0destac\u00f3 el valor de esta alianza:\u00a0<i>\u201cEste grupo de emprendedores surge de los usuarios que participan en el proyecto Escala, y constantemente buscamos alianzas que les permitan acceder a capacitaciones en \u00e1reas fundamentales para el desarrollo de sus negocios. En ese sentido, el aporte de la Aut\u00f3noma ha sido tremendamente valioso. La carrera de Ingenier\u00eda en Administraci\u00f3n no solo entrega competencias t\u00e9cnicas, sino que las vincula directamente con el territorio, generando una intervenci\u00f3n significativa con los emprendedores que acompa\u00f1amos desde el municipio\u201d.<\/i><\/div>\n<div><\/div>\n<div>La iniciativa, liderada por el alcalde Roberto Neira, lleva cuatro a\u00f1os apoyando a emprendedores de Temuco con servicios orientados al fortalecimiento de sus iniciativas, cuya colaboraci\u00f3n con la Universidad permiti\u00f3 abordar aspectos t\u00e9cnicos que son esenciales para la sostenibilidad de los negocios locales.<\/div>\n<div><\/div>\n<div><b>Alfredo Oyarz\u00fan, director de la carrera de Ingenier\u00eda en Administraci\u00f3n UA,<\/b>\u00a0expres\u00f3 su satisfacci\u00f3n por el impacto logrado:\u00a0<i>\u201cEstamos muy contentos con el cierre de este ciclo de talleres en conjunto con el proyecto Escala. Fue una experiencia enriquecedora donde capacitamos a microempresarios en \u00e1reas como costos tributarios, marketing y fotograf\u00eda. Apoyar el desarrollo local es parte de la misi\u00f3n de nuestra Universidad, y este tipo de iniciativas nos permite cumplirla de manera concreta\u201d.<\/i><\/div>\n<div><\/div>\n<div><b>Experiencia<\/b><\/div>\n<div>Una de las participantes,\u00a0<b>Macarena Henr\u00edquez, emprendedora de Sweet Man\u00ed<\/b>\u00a0-dedicada a la elaboraci\u00f3n de productos saludables a base de mantequilla de man\u00ed- comparti\u00f3 su experiencia:\u00a0<i>\u201cEstos talleres me ayudaron much\u00edsimo. Aprend\u00ed a mejorar aspectos clave de mi emprendimiento, como el marketing, la definici\u00f3n de costos y la calidad de las fotograf\u00edas de mis productos. Adem\u00e1s, fueron capacitaciones cercanas, pr\u00e1cticas y f\u00e1ciles de entender, lo que hizo que todos pudi\u00e9ramos aprender incluso sobre temas complejos del mundo del emprendimiento\u201d.<\/i><\/div>\n<div>Es preciso destacar que la ceremonia culmin\u00f3 con la entrega de constancias de participaci\u00f3n a los emprendedores, reconociendo su compromiso y dedicaci\u00f3n.<\/div>\n","protected":false},"excerpt":{"rendered":"<p>Con entusiasmo y sentido de comunidad se vivi\u00f3 la ceremonia de cierre del ciclo de talleres de la \u201cCl\u00ednica Impulsa MiPe\u201d, una iniciativa de asesor\u00eda empresarial impulsada por la carrera de Ingenier\u00eda en Administraci\u00f3n de la Universidad Aut\u00f3noma de Chile, Sede Temuco. El proyecto, enmarcado en un proyecto de Vinculaci\u00f3n con el Medio, tuvo como prop\u00f3sito entregar herramientas de gesti\u00f3n a micro y peque\u00f1as empresas (MiPes) locales, contribuyendo al desarrollo de iniciativas que generen valor y aumenten su competitividad. Durante cuatro sesiones de capacitaci\u00f3n, 16 emprendedores del proyecto Escala de la Municipalidad de Temuco participaron en talleres que abordaron tem\u00e1ticas clave [&hellip;]<\/p>\n","protected":false},"author":2,"featured_media":24113,"comment_status":"closed","ping_status":"open","sticky":false,"template":"","format":"standard","meta":{"_crdt_document":"","_monsterinsights_skip_tracking":false,"_monsterinsights_sitenote_active":false,"_monsterinsights_sitenote_note":"","_monsterinsights_sitenote_category":0,"_jetpack_memberships_contains_paid_content":false,"footnotes":""},"categories":[8,7,2],"tags":[],"class_list":["post-24112","post","type-post","status-publish","format-standard","has-post-thumbnail","hentry","category-internacional","category-nacional","category-regionales"],"jetpack_featured_media_url":"https:\/\/radiotemuco.com\/home\/wp-content\/uploads\/2025\/08\/FOTO-cierre-talleres-clinica-impulsa-3.jpg","jetpack_sharing_enabled":true,"_links":{"self":[{"href":"https:\/\/radiotemuco.com\/home\/wp-json\/wp\/v2\/posts\/24112","targetHints":{"allow":["GET"]}}],"collection":[{"href":"https:\/\/radiotemuco.com\/home\/wp-json\/wp\/v2\/posts"}],"about":[{"href":"https:\/\/radiotemuco.com\/home\/wp-json\/wp\/v2\/types\/post"}],"author":[{"embeddable":true,"href":"https:\/\/radiotemuco.com\/home\/wp-json\/wp\/v2\/users\/2"}],"replies":[{"embeddable":true,"href":"https:\/\/radiotemuco.com\/home\/wp-json\/wp\/v2\/comments?post=24112"}],"version-history":[{"count":1,"href":"https:\/\/radiotemuco.com\/home\/wp-json\/wp\/v2\/posts\/24112\/revisions"}],"predecessor-version":[{"id":24114,"href":"https:\/\/radiotemuco.com\/home\/wp-json\/wp\/v2\/posts\/24112\/revisions\/24114"}],"wp:featuredmedia":[{"embeddable":true,"href":"https:\/\/radiotemuco.com\/home\/wp-json\/wp\/v2\/media\/24113"}],"wp:attachment":[{"href":"https:\/\/radiotemuco.com\/home\/wp-json\/wp\/v2\/media?parent=24112"}],"wp:term":[{"taxonomy":"category","embeddable":true,"href":"https:\/\/radiotemuco.com\/home\/wp-json\/wp\/v2\/categories?post=24112"},{"taxonomy":"post_tag","embeddable":true,"href":"https:\/\/radiotemuco.com\/home\/wp-json\/wp\/v2\/tags?post=24112"}],"curies":[{"name":"wp","href":"https:\/\/api.w.org\/{rel}","templated":true}]}}