{"id":24101,"date":"2025-08-26T10:22:08","date_gmt":"2025-08-26T10:22:08","guid":{"rendered":"https:\/\/radiotemuco.com\/home\/?p=24101"},"modified":"2025-08-26T10:22:23","modified_gmt":"2025-08-26T10:22:23","slug":"nuevos-costos-por-reforma-de-pensiones-y-baja-gestion-de-salud-financiera-presionan-a-las-pymes","status":"publish","type":"post","link":"https:\/\/radiotemuco.com\/home\/nuevos-costos-por-reforma-de-pensiones-y-baja-gestion-de-salud-financiera-presionan-a-las-pymes\/","title":{"rendered":"Nuevos costos por Reforma de Pensiones y baja gesti\u00f3n de salud financiera presionan a las Pymes"},"content":{"rendered":"<p>La mayor\u00eda de las peque\u00f1as y medianas empresas en Chile opera sin un seguimiento regular de su salud financiera, pese a enfrentar aumentos sostenidos en sus costos y mayores dificultades para acceder a financiamiento, advierte Xepelin. Desde este mes, la Reforma de Pensiones suma nueva carga para las empresas, una cotizaci\u00f3n adicional del 1% a cargo del empleador, que se aplicar\u00e1 sobre todas las remuneraciones.<\/p>\n<p>Este 1% se divide en un 0,1% que ir\u00e1 a la cuenta individual del trabajador y un 0,9% destinado al Seguro Social Previsional administrado por el IPS, que financiar\u00e1 beneficios como la compensaci\u00f3n por expectativa de vida para mujeres y el futuro bono por a\u00f1os cotizados. Para empresas de gran tama\u00f1o, este cambio significa desembolsos mensuales de decenas de millones de pesos; <strong>para pymes, con m\u00e1rgenes m\u00e1s estrechos, implica un gasto fijo adicional que requiere planificaci\u00f3n.<\/strong><\/p>\n<p>Xepelin, fintech especializada en soluciones de tecnolog\u00eda financiera para pymes, plantea que medir indicadores como liquidez, solvencia, eficiencia operativa y rentabilidad es clave para anticipar riesgos y tomar decisiones que aseguren la continuidad del negocio. \u201cHablar de salud financiera implica mucho m\u00e1s que mirar el saldo en caja. Se trata de evaluar si la empresa tiene los recursos y la estructura para operar con sostenibilidad, enfrentar contingencias y proyectar crecimiento\u201d, afirma Nicol\u00e1s L\u00f3pez, country manager de Xepelin Chile.<\/p>\n<p>La situaci\u00f3n se refleja en la encuesta de octubre de 2024 de Valor Pyme. El 77% de los emprendimientos corresponden a microempresas y m\u00e1s de la mitad no logra consolidarse. Aunque representan el 97% del tejido empresarial, generan solo el 12% de las ventas del pa\u00eds, lo que evidencia una brecha estructural que limita su competitividad.<\/p>\n<p>A esto se suma la presi\u00f3n inflacionaria. Seg\u00fan el Instituto Nacional de Estad\u00edsticas (INE), en julio de 2025 el IPC subi\u00f3 0,9%, impulsado por \u201cVivienda y servicios b\u00e1sicos\u201d (+1,5%), mientras que la electricidad anot\u00f3 un alza de 7,3% en el mes y 19,1% en lo acumulado del a\u00f1o. Estos incrementos elevan costos fijos como arriendos y consumo energ\u00e9tico, obligando a las pymes a ajustar presupuestos para evitar p\u00e9rdidas.<\/p>\n<p>\u201cAs\u00ed como un m\u00e9dico controla signos vitales, las empresas deben monitorear sus indicadores financieros. Nuestra plataforma funciona como un panel que alerta cu\u00e1ndo es momento de tomar decisiones\u201d, a\u00f1ade L\u00f3pez.<\/p>\n<p>De acuerdo con Xepelin, en el actual contexto econ\u00f3mico y normativo, la capacidad de anticipar riesgos y reaccionar con rapidez es un factor decisivo para que las pymes puedan enfrentar la volatilidad y consolidar un crecimiento sostenible.<\/p>\n","protected":false},"excerpt":{"rendered":"<p>La mayor\u00eda de las peque\u00f1as y medianas empresas en Chile opera sin un seguimiento regular de su salud financiera, pese a enfrentar aumentos sostenidos en sus costos y mayores dificultades para acceder a financiamiento, advierte Xepelin. Desde este mes, la Reforma de Pensiones suma nueva carga para las empresas, una cotizaci\u00f3n adicional del 1% a cargo del empleador, que se aplicar\u00e1 sobre todas las remuneraciones. Este 1% se divide en un 0,1% que ir\u00e1 a la cuenta individual del trabajador y un 0,9% destinado al Seguro Social Previsional administrado por el IPS, que financiar\u00e1 beneficios como la compensaci\u00f3n por expectativa de [&hellip;]<\/p>\n","protected":false},"author":2,"featured_media":24102,"comment_status":"closed","ping_status":"open","sticky":false,"template":"","format":"standard","meta":{"_crdt_document":"","_monsterinsights_skip_tracking":false,"_monsterinsights_sitenote_active":false,"_monsterinsights_sitenote_note":"","_monsterinsights_sitenote_category":0,"_jetpack_memberships_contains_paid_content":false,"footnotes":""},"categories":[8,7,2],"tags":[],"class_list":["post-24101","post","type-post","status-publish","format-standard","has-post-thumbnail","hentry","category-internacional","category-nacional","category-regionales"],"jetpack_featured_media_url":"https:\/\/radiotemuco.com\/home\/wp-content\/uploads\/2025\/08\/pyme-scaled.jpg","jetpack_sharing_enabled":true,"_links":{"self":[{"href":"https:\/\/radiotemuco.com\/home\/wp-json\/wp\/v2\/posts\/24101","targetHints":{"allow":["GET"]}}],"collection":[{"href":"https:\/\/radiotemuco.com\/home\/wp-json\/wp\/v2\/posts"}],"about":[{"href":"https:\/\/radiotemuco.com\/home\/wp-json\/wp\/v2\/types\/post"}],"author":[{"embeddable":true,"href":"https:\/\/radiotemuco.com\/home\/wp-json\/wp\/v2\/users\/2"}],"replies":[{"embeddable":true,"href":"https:\/\/radiotemuco.com\/home\/wp-json\/wp\/v2\/comments?post=24101"}],"version-history":[{"count":1,"href":"https:\/\/radiotemuco.com\/home\/wp-json\/wp\/v2\/posts\/24101\/revisions"}],"predecessor-version":[{"id":24103,"href":"https:\/\/radiotemuco.com\/home\/wp-json\/wp\/v2\/posts\/24101\/revisions\/24103"}],"wp:featuredmedia":[{"embeddable":true,"href":"https:\/\/radiotemuco.com\/home\/wp-json\/wp\/v2\/media\/24102"}],"wp:attachment":[{"href":"https:\/\/radiotemuco.com\/home\/wp-json\/wp\/v2\/media?parent=24101"}],"wp:term":[{"taxonomy":"category","embeddable":true,"href":"https:\/\/radiotemuco.com\/home\/wp-json\/wp\/v2\/categories?post=24101"},{"taxonomy":"post_tag","embeddable":true,"href":"https:\/\/radiotemuco.com\/home\/wp-json\/wp\/v2\/tags?post=24101"}],"curies":[{"name":"wp","href":"https:\/\/api.w.org\/{rel}","templated":true}]}}