{"id":24098,"date":"2025-08-26T10:11:01","date_gmt":"2025-08-26T10:11:01","guid":{"rendered":"https:\/\/radiotemuco.com\/home\/?p=24098"},"modified":"2025-08-26T10:11:01","modified_gmt":"2025-08-26T10:11:01","slug":"hospital-de-pitrufquen-consolida-su-servicio-de-salud-mental-como-referente-en-la-red-araucania-sur","status":"publish","type":"post","link":"https:\/\/radiotemuco.com\/home\/hospital-de-pitrufquen-consolida-su-servicio-de-salud-mental-como-referente-en-la-red-araucania-sur\/","title":{"rendered":"Hospital de Pitrufqu\u00e9n consolida su Servicio de Salud Mental como referente en la red Araucan\u00eda Sur"},"content":{"rendered":"<p>La salud mental se ha transformado en uno de los ejes estrat\u00e9gicos de la red asistencial Araucan\u00eda Sur durante los \u00faltimos a\u00f1os, consolidando servicios y equipos que permiten brindar una atenci\u00f3n m\u00e1s integral y cercana a la comunidad. En este contexto, el Servicio de Psiquiatr\u00eda y Salud Mental del Hospital de Pitrufqu\u00e9n representa un hito en la regi\u00f3n, al crecer desde un peque\u00f1o policl\u00ednico a un centro de referencia con infraestructura, unidades especializadas y un enfoque comunitario.<\/p>\n<p>La Dra. Ana Mar\u00eda Cid, jefa del Servicio de Salud Mental, record\u00f3 c\u00f3mo se inici\u00f3 este camino, destacando que \u201cel a\u00f1o 2008 me incorpor\u00e9 como psiquiatra constituyendo la Unidad de Salud Mental y Psiquiatr\u00eda. En ese tiempo \u00e9ramos solo seis funcionarios y no logr\u00e1bamos cubrir todas las necesidades del nodo. El 2022 logramos la infraestructura necesaria y nos trasladamos a lo que actualmente es nuestro Servicio, evolucionando a un equipo de 86 profesionales\u201d.<\/p>\n<p>Hoy, el hospital cuenta con unidades como CECOSAM adulto e infantojuvenil, Hospital de D\u00eda de Adultos, Hogar Protegido y la Unidad de Hospitalizaci\u00f3n de Cuidados Intensivos en Psiquiatr\u00eda (UHCIP), fortaleciendo el acceso y la continuidad de los cuidados.<\/p>\n<p><strong>Un modelo comunitario al servicio de las personas<\/strong><\/p>\n<p>El trabajo del equipo se sustenta en el Modelo Comunitario de Atenci\u00f3n en Salud Mental, que busca poner al paciente y su entorno en el centro del proceso.<\/p>\n<p>\u201cNos basamos en un enfoque de derechos y en la participaci\u00f3n activa de la comunidad. Nuestro objetivo es que los pacientes logren un nivel de salud que les permita desarrollarse en sociedad y experimentar el mayor bienestar posible\u201d, explic\u00f3 la Dra. Cid.<\/p>\n<p>Este modelo ha permitido abrir espacios de di\u00e1logo, psicoeducaci\u00f3n y vinculaci\u00f3n directa con colegios, organizaciones sociales y familias, derribando barreras y abordando el estigma que a\u00fan existe en torno a las patolog\u00edas de salud mental.<\/p>\n<p><strong>El valor del trabajo con las familias<\/strong><\/p>\n<p>Para la Dra. Sof\u00eda Rey, m\u00e9dica de familia y coordinadora del CECOSAM del Hospital de Pitrufqu\u00e9n, el mayor avance ha sido integrar a las familias desde el primer momento.<\/p>\n<p>\u201cIntegramos a las familias y otros actores desde el d\u00eda uno, explicando la importancia de que se involucren en el proceso de recuperaci\u00f3n. Esto genera confianza, fortalece la adherencia a los tratamientos y nos permite comprender mejor el contexto de cada paciente\u201d.<\/p>\n<p>La profesional destac\u00f3 que salir del espacio cl\u00ednico hacia la comunidad ha significado un cambio profundo en la forma de entender la salud:<\/p>\n<p>\u201cHa sido un gran avance en temas de salud integral, familiar y comunitaria, porque nos permite conocer directamente el entorno del usuario, identificar factores de riesgo y, al mismo tiempo, potenciar los factores protectores\u201d.<\/p>\n<p><strong>Un compromiso regional<\/strong><\/p>\n<p>La consolidaci\u00f3n del Servicio de Psiquiatr\u00eda y Salud Mental del Hospital de Pitrufqu\u00e9n refleja el compromiso del Servicio de Salud Araucan\u00eda Sur con la salud mental como prioridad sanitaria.<\/p>\n<p>Actividades como el programa \u201cCasa Abierta\u201d, talleres comunitarios, conversatorios y acciones de prevenci\u00f3n en fechas clave \u2014como el D\u00eda de la Salud Mental y el D\u00eda de la Prevenci\u00f3n del Suicidio\u2014 refuerzan esta cercan\u00eda con la poblaci\u00f3n.<\/p>\n<p>\u201cEl modelo de gesti\u00f3n comunitario es nuestra base de trabajo en cada una de las unidades, y nos facilita la unificaci\u00f3n de objetivos centrados en el bienestar de nuestros usuarios\u201d, afirm\u00f3 la Dra. Cid.<\/p>\n<p>Con un equipo humano comprometido y una visi\u00f3n centrada en derechos, inclusi\u00f3n y comunidad, el Hospital de Pitrufqu\u00e9n se ha convertido en un referente en la atenci\u00f3n de salud mental en la regi\u00f3n, aportando al desaf\u00edo de avanzar hacia una red asistencial m\u00e1s equitativa, integral y cercana a las personas.<\/p>\n","protected":false},"excerpt":{"rendered":"<p>La salud mental se ha transformado en uno de los ejes estrat\u00e9gicos de la red asistencial Araucan\u00eda Sur durante los \u00faltimos a\u00f1os, consolidando servicios y equipos que permiten brindar una atenci\u00f3n m\u00e1s integral y cercana a la comunidad. En este contexto, el Servicio de Psiquiatr\u00eda y Salud Mental del Hospital de Pitrufqu\u00e9n representa un hito en la regi\u00f3n, al crecer desde un peque\u00f1o policl\u00ednico a un centro de referencia con infraestructura, unidades especializadas y un enfoque comunitario. La Dra. Ana Mar\u00eda Cid, jefa del Servicio de Salud Mental, record\u00f3 c\u00f3mo se inici\u00f3 este camino, destacando que \u201cel a\u00f1o 2008 me incorpor\u00e9 [&hellip;]<\/p>\n","protected":false},"author":2,"featured_media":24099,"comment_status":"closed","ping_status":"open","sticky":false,"template":"","format":"standard","meta":{"_crdt_document":"","_monsterinsights_skip_tracking":false,"_monsterinsights_sitenote_active":false,"_monsterinsights_sitenote_note":"","_monsterinsights_sitenote_category":0,"_jetpack_memberships_contains_paid_content":false,"footnotes":""},"categories":[8,7,2],"tags":[],"class_list":["post-24098","post","type-post","status-publish","format-standard","has-post-thumbnail","hentry","category-internacional","category-nacional","category-regionales"],"jetpack_featured_media_url":"https:\/\/radiotemuco.com\/home\/wp-content\/uploads\/2025\/08\/Imagen-de-WhatsApp-2025-08-20-a-las-15.31.22_faf7eed7-scaled.jpg","jetpack_sharing_enabled":true,"_links":{"self":[{"href":"https:\/\/radiotemuco.com\/home\/wp-json\/wp\/v2\/posts\/24098","targetHints":{"allow":["GET"]}}],"collection":[{"href":"https:\/\/radiotemuco.com\/home\/wp-json\/wp\/v2\/posts"}],"about":[{"href":"https:\/\/radiotemuco.com\/home\/wp-json\/wp\/v2\/types\/post"}],"author":[{"embeddable":true,"href":"https:\/\/radiotemuco.com\/home\/wp-json\/wp\/v2\/users\/2"}],"replies":[{"embeddable":true,"href":"https:\/\/radiotemuco.com\/home\/wp-json\/wp\/v2\/comments?post=24098"}],"version-history":[{"count":1,"href":"https:\/\/radiotemuco.com\/home\/wp-json\/wp\/v2\/posts\/24098\/revisions"}],"predecessor-version":[{"id":24100,"href":"https:\/\/radiotemuco.com\/home\/wp-json\/wp\/v2\/posts\/24098\/revisions\/24100"}],"wp:featuredmedia":[{"embeddable":true,"href":"https:\/\/radiotemuco.com\/home\/wp-json\/wp\/v2\/media\/24099"}],"wp:attachment":[{"href":"https:\/\/radiotemuco.com\/home\/wp-json\/wp\/v2\/media?parent=24098"}],"wp:term":[{"taxonomy":"category","embeddable":true,"href":"https:\/\/radiotemuco.com\/home\/wp-json\/wp\/v2\/categories?post=24098"},{"taxonomy":"post_tag","embeddable":true,"href":"https:\/\/radiotemuco.com\/home\/wp-json\/wp\/v2\/tags?post=24098"}],"curies":[{"name":"wp","href":"https:\/\/api.w.org\/{rel}","templated":true}]}}