{"id":24095,"date":"2025-08-26T10:02:08","date_gmt":"2025-08-26T10:02:08","guid":{"rendered":"https:\/\/radiotemuco.com\/home\/?p=24095"},"modified":"2025-08-26T10:02:08","modified_gmt":"2025-08-26T10:02:08","slug":"multigremial-de-la-araucania-reconocer-terrorismo-y-no-aplicar-la-ley-antiterrorista-es-complicidad","status":"publish","type":"post","link":"https:\/\/radiotemuco.com\/home\/multigremial-de-la-araucania-reconocer-terrorismo-y-no-aplicar-la-ley-antiterrorista-es-complicidad\/","title":{"rendered":"Multigremial de La Araucan\u00eda: \u201cReconocer terrorismo y no aplicar la Ley Antiterrorista es complicidad\u201d"},"content":{"rendered":"<p style=\"font-weight: 400;\">El atentado ocurrido en Victoria, donde un trabajador de la CMPC fue asesinado y otro result\u00f3 con heridas graves en un claro homicidio y homicidio frustrado con armas de guerra, refleja con crudeza c\u00f3mo sigue operando el terrorismo en la Macrozona Sur.<\/p>\n<p style=\"font-weight: 400;\">Frente a esto, la Multigremial de La Araucan\u00eda cuestion\u00f3 duramente al ministro de Justicia, Luis Cordero,\u00a0quien se\u00f1al\u00f3 en Radio ADN que la aplicaci\u00f3n de la Ley Antiterrorista \u201cdepender\u00e1 de los antecedentes\u201d, pese a reconocer que los hechos ocurridos en Victoria son actos terroristas.<\/p>\n<p style=\"font-weight: 400;\">El presidente de la Multigremial de La Araucan\u00eda, Patricio Santib\u00e1\u00f1ez, fue categ\u00f3rico:<\/p>\n<p style=\"font-weight: 400;\">\u201cEs incomprensible que el propio ministro reconozca un acto terrorista y se niegue a aplicar la Ley Antiterrorista. Esa ley fue aprobada precisamente para estos casos, para dar m\u00e1s fuerza al Estado y optimizar las investigaciones. No usarla es darle aire al terrorismo.\u201d<\/p>\n<p style=\"font-weight: 400;\">De acuerdo a datos de la Multigremial, desde la entrada en vigencia en febrero de este a\u00f1o\u00a0 de la nueva Ley Antiterrorista, se han perpetrado 23 actos terroristas, pero el Gobierno la ha invocado solo en dos ocasiones.\u00a0Lo m\u00e1s grave \u2014agregaron\u2014 es que la primera vez que se aplic\u00f3 fue tras el ataque incendiario en Rucalhue, coincidiendo con\u00a0<strong>presiones diplom\u00e1ticas del Gobierno de China<\/strong><strong>,\u00a0<\/strong>al tratarse de una central hidroel\u00e9ctrica vinculada a capitales de ese pa\u00eds.<\/p>\n<p style=\"font-weight: 400;\">\u201cEse dato es brutal. Significa que el Estado renuncia a la herramienta m\u00e1s moderna que tiene para enfrentar el terrorismo y cuando el Gobierno omite su uso, se vuelve c\u00f3mplice por inacci\u00f3n\u201d, subray\u00f3 Santib\u00e1\u00f1ez.<\/p>\n<p style=\"font-weight: 400;\">La Multigremial record\u00f3 que la nueva Ley Antiterrorista permite perseguir la asociaci\u00f3n terrorista, ampliar las penas y usar t\u00e9cnicas de investigaci\u00f3n avanzadas como interceptaci\u00f3n de comunicaciones, infiltraci\u00f3n de agentes y mayor coordinaci\u00f3n judicial. \u201cSon exactamente las medidas que se necesitan para desarticular a grupos armados que operan con munici\u00f3n de guerra en la regi\u00f3n\u201d, agregaron.<\/p>\n<p style=\"font-weight: 400;\">Santib\u00e1\u00f1ez cerr\u00f3 planteando que \u201caqu\u00ed no se trata de esperar m\u00e1s antecedentes. El homicidio y el homicidio frustrado con armas de guerra son pruebas suficientes. El Gobierno debe invocar ya la Ley Antiterrorista. Cada d\u00eda de demora fortalece a los violentos y debilita a Chile. La meta es clara: cero atentados terroristas. Ni uno m\u00e1s.\u201d<\/p>\n","protected":false},"excerpt":{"rendered":"<p>El atentado ocurrido en Victoria, donde un trabajador de la CMPC fue asesinado y otro result\u00f3 con heridas graves en un claro homicidio y homicidio frustrado con armas de guerra, refleja con crudeza c\u00f3mo sigue operando el terrorismo en la Macrozona Sur. Frente a esto, la Multigremial de La Araucan\u00eda cuestion\u00f3 duramente al ministro de Justicia, Luis Cordero,\u00a0quien se\u00f1al\u00f3 en Radio ADN que la aplicaci\u00f3n de la Ley Antiterrorista \u201cdepender\u00e1 de los antecedentes\u201d, pese a reconocer que los hechos ocurridos en Victoria son actos terroristas. El presidente de la Multigremial de La Araucan\u00eda, Patricio Santib\u00e1\u00f1ez, fue categ\u00f3rico: \u201cEs incomprensible que el [&hellip;]<\/p>\n","protected":false},"author":2,"featured_media":24096,"comment_status":"closed","ping_status":"open","sticky":false,"template":"","format":"standard","meta":{"_crdt_document":"","_monsterinsights_skip_tracking":false,"_monsterinsights_sitenote_active":false,"_monsterinsights_sitenote_note":"","_monsterinsights_sitenote_category":0,"_jetpack_memberships_contains_paid_content":false,"footnotes":""},"categories":[8,7,2],"tags":[],"class_list":["post-24095","post","type-post","status-publish","format-standard","has-post-thumbnail","hentry","category-internacional","category-nacional","category-regionales"],"jetpack_featured_media_url":"https:\/\/radiotemuco.com\/home\/wp-content\/uploads\/2025\/08\/Captura-de-pantalla-2025-08-26-060143.png","jetpack_sharing_enabled":true,"_links":{"self":[{"href":"https:\/\/radiotemuco.com\/home\/wp-json\/wp\/v2\/posts\/24095","targetHints":{"allow":["GET"]}}],"collection":[{"href":"https:\/\/radiotemuco.com\/home\/wp-json\/wp\/v2\/posts"}],"about":[{"href":"https:\/\/radiotemuco.com\/home\/wp-json\/wp\/v2\/types\/post"}],"author":[{"embeddable":true,"href":"https:\/\/radiotemuco.com\/home\/wp-json\/wp\/v2\/users\/2"}],"replies":[{"embeddable":true,"href":"https:\/\/radiotemuco.com\/home\/wp-json\/wp\/v2\/comments?post=24095"}],"version-history":[{"count":1,"href":"https:\/\/radiotemuco.com\/home\/wp-json\/wp\/v2\/posts\/24095\/revisions"}],"predecessor-version":[{"id":24097,"href":"https:\/\/radiotemuco.com\/home\/wp-json\/wp\/v2\/posts\/24095\/revisions\/24097"}],"wp:featuredmedia":[{"embeddable":true,"href":"https:\/\/radiotemuco.com\/home\/wp-json\/wp\/v2\/media\/24096"}],"wp:attachment":[{"href":"https:\/\/radiotemuco.com\/home\/wp-json\/wp\/v2\/media?parent=24095"}],"wp:term":[{"taxonomy":"category","embeddable":true,"href":"https:\/\/radiotemuco.com\/home\/wp-json\/wp\/v2\/categories?post=24095"},{"taxonomy":"post_tag","embeddable":true,"href":"https:\/\/radiotemuco.com\/home\/wp-json\/wp\/v2\/tags?post=24095"}],"curies":[{"name":"wp","href":"https:\/\/api.w.org\/{rel}","templated":true}]}}