{"id":24092,"date":"2025-08-26T09:08:51","date_gmt":"2025-08-26T09:08:51","guid":{"rendered":"https:\/\/radiotemuco.com\/home\/?p=24092"},"modified":"2025-08-26T09:08:51","modified_gmt":"2025-08-26T09:08:51","slug":"deportes-temuco-rescato-un-punto-en-su-visita-a-quillota-enfrentando-a-san-luis","status":"publish","type":"post","link":"https:\/\/radiotemuco.com\/home\/deportes-temuco-rescato-un-punto-en-su-visita-a-quillota-enfrentando-a-san-luis\/","title":{"rendered":"Deportes Temuco rescat\u00f3 un punto en su visita a Quillota enfrentando a San Luis"},"content":{"rendered":"<p>Deportes Temuco y San Luis de Quillota empataron 1-1 en Quillota, con goles de Camilo N\u00fa\u00f1ez para Temuco y Nicol\u00e1s Molina para San Luis. Con este resultado, el elenco quillotano ascendi\u00f3 al d\u00e9cimo puesto con <strong data-start=\"1465\" data-end=\"1478\">28 puntos<\/strong>, mientras que el Albiverde permanece en la und\u00e9cima posici\u00f3n con <strong data-start=\"1538\" data-end=\"1551\">26 puntos<\/strong>, alej\u00e1ndose del sue\u00f1o de entrar a la liguilla de ascenso.<\/p>\n<p data-start=\"1086\" data-end=\"1278\">El conjunto dirigido por Esteban Valencia abri\u00f3 la cuenta a los 16 minutos con un cabezazo de Camilo N\u00fa\u00f1ez. Con la ventaja m\u00ednima, los albiverdes se fueron al descanso arriba en el marcador.<\/p>\n<p data-start=\"1086\" data-end=\"1278\">En el segundo tiempo, San Luis busc\u00f3 con insistencia el empate en el debut de Fernando Guajardo en la banca canaria tras la salida de Juan Jos\u00e9 Luvera. A los 78\u2019, Nicol\u00e1s Molina anot\u00f3 el 1-1 definitivo.<\/p>\n<p data-start=\"1763\" data-end=\"2021\">En la pr\u00f3xima jornada, Deportes Temuco visitar\u00e1 a Curic\u00f3 Unido el\u00a0<strong data-start=\"1829\" data-end=\"1876\">30 de agosto en el Estadio Fiscal de Molina<\/strong> (15:00 horas).<\/p>\n<p data-start=\"1086\" data-end=\"1278\">\n","protected":false},"excerpt":{"rendered":"<p>Deportes Temuco y San Luis de Quillota empataron 1-1 en Quillota, con goles de Camilo N\u00fa\u00f1ez para Temuco y Nicol\u00e1s Molina para San Luis. Con este resultado, el elenco quillotano ascendi\u00f3 al d\u00e9cimo puesto con 28 puntos, mientras que el Albiverde permanece en la und\u00e9cima posici\u00f3n con 26 puntos, alej\u00e1ndose del sue\u00f1o de entrar a la liguilla de ascenso. El conjunto dirigido por Esteban Valencia abri\u00f3 la cuenta a los 16 minutos con un cabezazo de Camilo N\u00fa\u00f1ez. Con la ventaja m\u00ednima, los albiverdes se fueron al descanso arriba en el marcador. En el segundo tiempo, San Luis busc\u00f3 con insistencia [&hellip;]<\/p>\n","protected":false},"author":2,"featured_media":24093,"comment_status":"closed","ping_status":"open","sticky":false,"template":"","format":"standard","meta":{"_crdt_document":"","_monsterinsights_skip_tracking":false,"_monsterinsights_sitenote_active":false,"_monsterinsights_sitenote_note":"","_monsterinsights_sitenote_category":0,"_jetpack_memberships_contains_paid_content":false,"footnotes":""},"categories":[3,8,7,2],"tags":[],"class_list":["post-24092","post","type-post","status-publish","format-standard","has-post-thumbnail","hentry","category-deportivas","category-internacional","category-nacional","category-regionales"],"jetpack_featured_media_url":"https:\/\/radiotemuco.com\/home\/wp-content\/uploads\/2025\/08\/WhatsApp-Image-2025-08-25-at-19.18.36.jpeg","jetpack_sharing_enabled":true,"_links":{"self":[{"href":"https:\/\/radiotemuco.com\/home\/wp-json\/wp\/v2\/posts\/24092","targetHints":{"allow":["GET"]}}],"collection":[{"href":"https:\/\/radiotemuco.com\/home\/wp-json\/wp\/v2\/posts"}],"about":[{"href":"https:\/\/radiotemuco.com\/home\/wp-json\/wp\/v2\/types\/post"}],"author":[{"embeddable":true,"href":"https:\/\/radiotemuco.com\/home\/wp-json\/wp\/v2\/users\/2"}],"replies":[{"embeddable":true,"href":"https:\/\/radiotemuco.com\/home\/wp-json\/wp\/v2\/comments?post=24092"}],"version-history":[{"count":1,"href":"https:\/\/radiotemuco.com\/home\/wp-json\/wp\/v2\/posts\/24092\/revisions"}],"predecessor-version":[{"id":24094,"href":"https:\/\/radiotemuco.com\/home\/wp-json\/wp\/v2\/posts\/24092\/revisions\/24094"}],"wp:featuredmedia":[{"embeddable":true,"href":"https:\/\/radiotemuco.com\/home\/wp-json\/wp\/v2\/media\/24093"}],"wp:attachment":[{"href":"https:\/\/radiotemuco.com\/home\/wp-json\/wp\/v2\/media?parent=24092"}],"wp:term":[{"taxonomy":"category","embeddable":true,"href":"https:\/\/radiotemuco.com\/home\/wp-json\/wp\/v2\/categories?post=24092"},{"taxonomy":"post_tag","embeddable":true,"href":"https:\/\/radiotemuco.com\/home\/wp-json\/wp\/v2\/tags?post=24092"}],"curies":[{"name":"wp","href":"https:\/\/api.w.org\/{rel}","templated":true}]}}