{"id":24083,"date":"2025-08-25T10:11:58","date_gmt":"2025-08-25T10:11:58","guid":{"rendered":"https:\/\/radiotemuco.com\/home\/?p=24083"},"modified":"2025-08-25T10:11:58","modified_gmt":"2025-08-25T10:11:58","slug":"multigremial-de-la-araucania-pide-ley-antiterrorista-aunque-hay-menos-atentados-los-que-persisten-son-cada-vez-mas-violentos","status":"publish","type":"post","link":"https:\/\/radiotemuco.com\/home\/multigremial-de-la-araucania-pide-ley-antiterrorista-aunque-hay-menos-atentados-los-que-persisten-son-cada-vez-mas-violentos\/","title":{"rendered":"Multigremial de La Araucan\u00eda pide Ley Antiterrorista: \u201cAunque hay menos atentados, los que persisten son cada vez m\u00e1s violentos\u201d"},"content":{"rendered":"<p>Menos de 24 horas despu\u00e9s de que un ataque incendiario destruyera cinco m\u00e1quinas en la regi\u00f3n de La Araucan\u00eda, un nuevo hecho de violencia dej\u00f3 un saldo a\u00fan m\u00e1s grave: un trabajador de la CMPC asesinado y otro herido de gravedad en Victoria, tras ser emboscados con munici\u00f3n de guerra.<\/p>\n<p>La Multigremial de La Araucan\u00eda conden\u00f3 ambos hechos, se\u00f1alando que se trata del cuarto atentado terrorista en lo que va de agosto, y advirti\u00f3 que, pese a que las cifras globales muestran una disminuci\u00f3n respecto a a\u00f1os anteriores, \u201cla violencia no ha desaparecido: los atentados que persisten son cada vez m\u00e1s violentos, planificados y dirigidos contra trabajadores inocentes\u201d.<br \/>\nEl presidente de la entidad gremial, Patricio Santib\u00e1\u00f1ez, sostuvo:<br \/>\n\u201cEn menos de un d\u00eda vimos dos caras del terrorismo: primero la destrucci\u00f3n de maquinaria, y ahora, el asesinato de un trabajador inocente y otro que lucha por sobrevivir. Aunque el n\u00famero de atentados se ha reducido, su violencia se ha intensificado. No podemos aceptar que asesinar trabajadores se convierta en rutina en la Araucan\u00eda.\u201d<\/p>\n<p>El dirigente emplaz\u00f3 al Gobierno a dar una respuesta contundente y urgente:<\/p>\n<p>\u201cEl ministro \u00c1lvaro Elizalde viaj\u00f3 a Argentina para acompa\u00f1ar a hinchas de f\u00fatbol. Esperamos verlo ahora en Victoria, al lado de las v\u00edctimas del terrorismo. Porque aqu\u00ed est\u00e1 el verdadero drama nacional: en los campos y caminos de la Araucan\u00eda, donde familias trabajadoras viven con miedo.\u201d<\/p>\n<p>La Multigremial llam\u00f3 al Ejecutivo a invocar la Ley Antiterrorista y a perseguir a los responsables con toda la fuerza del Estado.<\/p>\n<p>\u201cChile debe fijarse un objetivo sin ambig\u00fcedades: cero atentados terroristas. Ni uno m\u00e1s. Mientras exista un ataque, una familia de luto o un trabajador herido, la tarea del Estado sigue pendiente\u201d, concluy\u00f3 Santib\u00e1\u00f1ez.<\/p>\n","protected":false},"excerpt":{"rendered":"<p>Menos de 24 horas despu\u00e9s de que un ataque incendiario destruyera cinco m\u00e1quinas en la regi\u00f3n de La Araucan\u00eda, un nuevo hecho de violencia dej\u00f3 un saldo a\u00fan m\u00e1s grave: un trabajador de la CMPC asesinado y otro herido de gravedad en Victoria, tras ser emboscados con munici\u00f3n de guerra. La Multigremial de La Araucan\u00eda conden\u00f3 ambos hechos, se\u00f1alando que se trata del cuarto atentado terrorista en lo que va de agosto, y advirti\u00f3 que, pese a que las cifras globales muestran una disminuci\u00f3n respecto a a\u00f1os anteriores, \u201cla violencia no ha desaparecido: los atentados que persisten son cada vez m\u00e1s [&hellip;]<\/p>\n","protected":false},"author":2,"featured_media":24084,"comment_status":"closed","ping_status":"open","sticky":false,"template":"","format":"standard","meta":{"_crdt_document":"","_monsterinsights_skip_tracking":false,"_monsterinsights_sitenote_active":false,"_monsterinsights_sitenote_note":"","_monsterinsights_sitenote_category":0,"_jetpack_memberships_contains_paid_content":false,"footnotes":""},"categories":[8,7,2],"tags":[],"class_list":["post-24083","post","type-post","status-publish","format-standard","has-post-thumbnail","hentry","category-internacional","category-nacional","category-regionales"],"jetpack_featured_media_url":"https:\/\/radiotemuco.com\/home\/wp-content\/uploads\/2025\/08\/Captura-de-pantalla-2025-08-25-060947.png","jetpack_sharing_enabled":true,"_links":{"self":[{"href":"https:\/\/radiotemuco.com\/home\/wp-json\/wp\/v2\/posts\/24083","targetHints":{"allow":["GET"]}}],"collection":[{"href":"https:\/\/radiotemuco.com\/home\/wp-json\/wp\/v2\/posts"}],"about":[{"href":"https:\/\/radiotemuco.com\/home\/wp-json\/wp\/v2\/types\/post"}],"author":[{"embeddable":true,"href":"https:\/\/radiotemuco.com\/home\/wp-json\/wp\/v2\/users\/2"}],"replies":[{"embeddable":true,"href":"https:\/\/radiotemuco.com\/home\/wp-json\/wp\/v2\/comments?post=24083"}],"version-history":[{"count":1,"href":"https:\/\/radiotemuco.com\/home\/wp-json\/wp\/v2\/posts\/24083\/revisions"}],"predecessor-version":[{"id":24085,"href":"https:\/\/radiotemuco.com\/home\/wp-json\/wp\/v2\/posts\/24083\/revisions\/24085"}],"wp:featuredmedia":[{"embeddable":true,"href":"https:\/\/radiotemuco.com\/home\/wp-json\/wp\/v2\/media\/24084"}],"wp:attachment":[{"href":"https:\/\/radiotemuco.com\/home\/wp-json\/wp\/v2\/media?parent=24083"}],"wp:term":[{"taxonomy":"category","embeddable":true,"href":"https:\/\/radiotemuco.com\/home\/wp-json\/wp\/v2\/categories?post=24083"},{"taxonomy":"post_tag","embeddable":true,"href":"https:\/\/radiotemuco.com\/home\/wp-json\/wp\/v2\/tags?post=24083"}],"curies":[{"name":"wp","href":"https:\/\/api.w.org\/{rel}","templated":true}]}}